{"id":38123,"date":"2025-09-19T09:44:58","date_gmt":"2025-09-19T07:44:58","guid":{"rendered":"https:\/\/www.alteacultural.com\/2025\/09\/19\/palau-altea-centre-darts-inaugura-la-seua-temporada-amb-la-orquestra-de-la-comunitat-valenciana\/"},"modified":"2025-10-06T09:49:58","modified_gmt":"2025-10-06T07:49:58","slug":"palau-altea-centre-darts-inaugura-la-seua-temporada-amb-la-orquestra-de-la-comunitat-valenciana","status":"publish","type":"post","link":"https:\/\/www.alteacultural.com\/es\/2025\/09\/19\/palau-altea-centre-darts-inaugura-la-seua-temporada-amb-la-orquestra-de-la-comunitat-valenciana\/","title":{"rendered":"Palau Altea Centre d\u2019Arts inaugura su temporada con la Orquestra de la Comunitat Valenciana"},"content":{"rendered":"\n<figure class=\"wp-block-image size-full\"><img fetchpriority=\"high\" decoding=\"async\" width=\"800\" height=\"1136\" src=\"https:\/\/www.alteacultural.com\/wp-content\/uploads\/2025\/10\/inauguracion-temporada-palau-web.jpg\" alt=\"\" class=\"wp-image-38120\" srcset=\"https:\/\/www.alteacultural.com\/wp-content\/uploads\/2025\/10\/inauguracion-temporada-palau-web.jpg 800w, https:\/\/www.alteacultural.com\/wp-content\/uploads\/2025\/10\/inauguracion-temporada-palau-web-768x1091.jpg 768w\" sizes=\"(max-width: 800px) 100vw, 800px\" \/><\/figure>\n\n\n\n<p><\/p>\n\n\n\n<p><strong>Viernes 19 de septiembre a las 20:00h.<\/strong><\/p>\n\n\n\n<p>La actividad cultural regresa a Palau Altea Centre d\u2019Arts, que inicia oficialmente su temporada esta semana con un gran concierto inaugural a cargo de la Orquestra de la Comunitat Valenciana (OCV), formaci\u00f3n titular del Palau de les Arts Reina Sof\u00eda de Val\u00e8ncia.<\/p>\n\n\n\n<p>La cita ser\u00e1 el viernes 19 de septiembre a las 20h. y marcar\u00e1 el comienzo de una etapa ilusionante bajo el lema \u201cVolver otra vez\u201d, liderada por Olympia Metropolitana en colaboraci\u00f3n con Pentaci\u00f3n Espect\u00e1culos. Este proyecto tiene como objetivo consolidar a Palau como espacio cultural de referencia en la comarca, combinando programaci\u00f3n de excelencia con iniciativas educativas, sociales y de participaci\u00f3n ciudadana.<\/p>\n\n\n\n<p>La Orquestra de la Comunitat Valenciana, reconocida como una de las mejores formaciones sinf\u00f3nicas de Espa\u00f1a, estar\u00e1 dirigida por el maestro Cornelius Meister, uno de los directores m\u00e1s prestigiosos de su generaci\u00f3n. Invitado habitual de la \u00d3pera de Viena y aclamado en el Festival de Bayreuth por su direcci\u00f3n de El anillo del Nibelungo, Meister ofrecer\u00e1 en Altea un programa vibrante y diverso que entreteje culturas, estilos y emociones.<\/p>\n\n\n\n<p>El repertorio comenzar\u00e1 con la Obertura Carnaval de Dvo\u0159\u00e1k, una explosi\u00f3n de vitalidad inspirada en el folclore checo, seguir\u00e1 con el delicado y brillante Concierto para flauta y arpa de Mozart, una joya de di\u00e1logo mel\u00f3dico, y culminar\u00e1 con la poderosa Sinfon\u00eda n\u00ba 4 de Chaikovski, una obra maestra que explora el destino con una gran intensidad emocional.<\/p>\n\n\n\n<p>Como responsable municipal de Cultura, Pepa V. P\u00e9rez anima a alteanos, alteanas y amantes de la m\u00fasica a no perderse la inauguraci\u00f3n de la nueva temporada de Palau Altea con la Orquestra de la Comunitat Valenciana, \u201cporque seguro que har\u00e1 las delicias de los presentes\u201d. Asimismo la edil de Cultura recuerda que a parte de la venta de entradas online en&nbsp;<a href=\"http:\/\/www.palaualtea.es\/\">www.palaualtea.es<\/a>&nbsp;, en la Casa de Cultura, los jueves y viernes, se pueden adquirir las entradas de forma f\u00edsica en horario de 10:00 a 14:00h, adem\u00e1s de el mismo d\u00eda de cada actuaci\u00f3n en las taquillas del Palau desde una hora antes del espect\u00e1culo.<\/p>\n\n\n\n<p>La programaci\u00f3n continuar\u00e1 el 2 de octubre con uno de los grandes cl\u00e1sicos del ballet universal: El lago de los cisnes, representado por el prestigioso Ballet de Kiev, una compa\u00f1\u00eda internacional de referencia que desplegar\u00e1 en Palau la belleza atemporal de esta obra maestra.<\/p>\n\n\n\n<p>Y el 4 de octubre, el p\u00fablico familiar ser\u00e1 protagonista con Dumbo. El musical, una entra\u00f1able y premiada producci\u00f3n de Candileja Producciones. Recomendado por la Red Espa\u00f1ola de Teatros, el espect\u00e1culo ha sido reconocido como Mejor Musical Infantil en los premios BroadwayWorld y cuenta con un potente mensaje sobre la inclusi\u00f3n, la diferencia y el acoso escolar, todo ello a trav\u00e9s de voces en directo, un dise\u00f1o esc\u00e9nico espectacular y una historia con alma.<br>Se trata de una funci\u00f3n gratuita y accesible para todas las personas, con acceso prioritario para p\u00fablico con diversidad funcional. Las entradas podr\u00e1n descargarse durante la pr\u00f3xima semana en&nbsp;<a href=\"http:\/\/www.palaualtea.es\/\">www.palaualtea.es<\/a>.<\/p>\n\n\n\n<p>Este arranque de temporada es solo una muestra de todo lo que podr\u00e1 verse en Palau Altea en los pr\u00f3ximos meses: grandes figuras del teatro como Emma Su\u00e1rez, Lola Herrera o Jos\u00e9 Sacrist\u00e1n, propuestas de danza como La Traviata o El Cascanueces, conciertos como el de Ara Malikian o el Concierto de A\u00f1o Nuevo, y espect\u00e1culos familiares como Garfio y la isla del tesoro o Jurassic Game, entre muchos otros.<\/p>\n\n\n\n<p>| ALTEADIGITAL.ES<\/p>\n","protected":false},"excerpt":{"rendered":"<p>Viernes 19 de septiembre a las 20:00h. La actividad cultural regresa a Palau Altea Centre d\u2019Arts, que inicia oficialmente [&hellip;]<\/p>\n","protected":false},"author":1,"featured_media":38121,"comment_status":"open","ping_status":"open","sticky":false,"template":"","format":"standard","meta":{"_expiration-date-status":"","_expiration-date":0,"_expiration-date-type":"","_expiration-date-categories":[],"_expiration-date-options":[],"footnotes":""},"yoast_head":"<!-- This site is optimized with the Yoast SEO plugin v22.8 - https:\/\/yoast.com\/wordpress\/plugins\/seo\/ -->\n<title>Palau Altea Centre d\u2019Arts inaugura su temporada con la Orquestra de la Comunitat Valenciana - Altea Cultural<\/title>\n<meta name=\"robots\" content=\"index, follow, max-snippet:-1, max-image-preview:large, max-video-preview:-1\" \/>\n<link rel=\"canonical\" href=\"https:\/\/www.alteacultural.com\/es\/2025\/09\/19\/palau-altea-centre-darts-inaugura-la-seua-temporada-amb-la-orquestra-de-la-comunitat-valenciana\/\" \/>\n<meta property=\"og:locale\" content=\"es_ES\" \/>\n<meta property=\"og:type\" content=\"article\" \/>\n<meta property=\"og:title\" content=\"Palau Altea Centre d\u2019Arts inaugura su temporada con la Orquestra de la Comunitat Valenciana - Altea Cultural\" \/>\n<meta property=\"og:description\" content=\"Viernes 19 de septiembre a las 20:00h. La actividad cultural regresa a Palau Altea Centre d\u2019Arts, que inicia oficialmente [&hellip;]\" \/>\n<meta property=\"og:url\" content=\"https:\/\/www.alteacultural.com\/es\/2025\/09\/19\/palau-altea-centre-darts-inaugura-la-seua-temporada-amb-la-orquestra-de-la-comunitat-valenciana\/\" \/>\n<meta property=\"og:site_name\" content=\"Altea Cultural\" \/>\n<meta property=\"article:published_time\" content=\"2025-09-19T07:44:58+00:00\" \/>\n<meta property=\"article:modified_time\" content=\"2025-10-06T07:49:58+00:00\" \/>\n<meta property=\"og:image\" content=\"https:\/\/www.alteacultural.com\/wp-content\/uploads\/2025\/10\/inauguracion-temporada-palau-web.jpg\" \/>\n\t<meta property=\"og:image:width\" content=\"800\" \/>\n\t<meta property=\"og:image:height\" content=\"1136\" \/>\n\t<meta property=\"og:image:type\" content=\"image\/jpeg\" \/>\n<meta name=\"author\" content=\"sfaltea.com-admin\" \/>\n<meta name=\"twitter:card\" content=\"summary_large_image\" \/>\n<meta name=\"twitter:label1\" content=\"Escrito por\" \/>\n\t<meta name=\"twitter:data1\" content=\"sfaltea.com-admin\" \/>\n\t<meta name=\"twitter:label2\" content=\"Tiempo de lectura\" \/>\n\t<meta name=\"twitter:data2\" content=\"4 minutos\" \/>\n<script type=\"application\/ld+json\" class=\"yoast-schema-graph\">{\"@context\":\"https:\/\/schema.org\",\"@graph\":[{\"@type\":\"WebPage\",\"@id\":\"https:\/\/www.alteacultural.com\/es\/2025\/09\/19\/palau-altea-centre-darts-inaugura-la-seua-temporada-amb-la-orquestra-de-la-comunitat-valenciana\/\",\"url\":\"https:\/\/www.alteacultural.com\/es\/2025\/09\/19\/palau-altea-centre-darts-inaugura-la-seua-temporada-amb-la-orquestra-de-la-comunitat-valenciana\/\",\"name\":\"Palau Altea Centre d\u2019Arts inaugura su temporada con la Orquestra de la Comunitat Valenciana - Altea Cultural\",\"isPartOf\":{\"@id\":\"https:\/\/www.alteacultural.com\/es\/#website\"},\"primaryImageOfPage\":{\"@id\":\"https:\/\/www.alteacultural.com\/es\/2025\/09\/19\/palau-altea-centre-darts-inaugura-la-seua-temporada-amb-la-orquestra-de-la-comunitat-valenciana\/#primaryimage\"},\"image\":{\"@id\":\"https:\/\/www.alteacultural.com\/es\/2025\/09\/19\/palau-altea-centre-darts-inaugura-la-seua-temporada-amb-la-orquestra-de-la-comunitat-valenciana\/#primaryimage\"},\"thumbnailUrl\":\"https:\/\/www.alteacultural.com\/wp-content\/uploads\/2025\/10\/inauguracion-temporada-palau-web.jpg\",\"datePublished\":\"2025-09-19T07:44:58+00:00\",\"dateModified\":\"2025-10-06T07:49:58+00:00\",\"author\":{\"@id\":\"https:\/\/www.alteacultural.com\/es\/#\/schema\/person\/c4e137537f1af546d214a315255e5172\"},\"breadcrumb\":{\"@id\":\"https:\/\/www.alteacultural.com\/es\/2025\/09\/19\/palau-altea-centre-darts-inaugura-la-seua-temporada-amb-la-orquestra-de-la-comunitat-valenciana\/#breadcrumb\"},\"inLanguage\":\"es\",\"potentialAction\":[{\"@type\":\"ReadAction\",\"target\":[\"https:\/\/www.alteacultural.com\/es\/2025\/09\/19\/palau-altea-centre-darts-inaugura-la-seua-temporada-amb-la-orquestra-de-la-comunitat-valenciana\/\"]}]},{\"@type\":\"ImageObject\",\"inLanguage\":\"es\",\"@id\":\"https:\/\/www.alteacultural.com\/es\/2025\/09\/19\/palau-altea-centre-darts-inaugura-la-seua-temporada-amb-la-orquestra-de-la-comunitat-valenciana\/#primaryimage\",\"url\":\"https:\/\/www.alteacultural.com\/wp-content\/uploads\/2025\/10\/inauguracion-temporada-palau-web.jpg\",\"contentUrl\":\"https:\/\/www.alteacultural.com\/wp-content\/uploads\/2025\/10\/inauguracion-temporada-palau-web.jpg\",\"width\":800,\"height\":1136},{\"@type\":\"BreadcrumbList\",\"@id\":\"https:\/\/www.alteacultural.com\/es\/2025\/09\/19\/palau-altea-centre-darts-inaugura-la-seua-temporada-amb-la-orquestra-de-la-comunitat-valenciana\/#breadcrumb\",\"itemListElement\":[{\"@type\":\"ListItem\",\"position\":1,\"name\":\"Inici\",\"item\":\"https:\/\/www.alteacultural.com\/es\/\"},{\"@type\":\"ListItem\",\"position\":2,\"name\":\"Palau Altea Centre d\u2019Arts inaugura su temporada con la Orquestra de la Comunitat Valenciana\"}]},{\"@type\":\"WebSite\",\"@id\":\"https:\/\/www.alteacultural.com\/es\/#website\",\"url\":\"https:\/\/www.alteacultural.com\/es\/\",\"name\":\"Altea Cultural\",\"description\":\"Regidoria de Cultura de l&#039;Ajuntament d&#039;Altea\",\"potentialAction\":[{\"@type\":\"SearchAction\",\"target\":{\"@type\":\"EntryPoint\",\"urlTemplate\":\"https:\/\/www.alteacultural.com\/es\/?s={search_term_string}\"},\"query-input\":\"required name=search_term_string\"}],\"inLanguage\":\"es\"},{\"@type\":\"Person\",\"@id\":\"https:\/\/www.alteacultural.com\/es\/#\/schema\/person\/c4e137537f1af546d214a315255e5172\",\"name\":\"sfaltea.com-admin\",\"image\":{\"@type\":\"ImageObject\",\"inLanguage\":\"es\",\"@id\":\"https:\/\/www.alteacultural.com\/es\/#\/schema\/person\/image\/\",\"url\":\"https:\/\/secure.gravatar.com\/avatar\/f7473fa2fbd351270ccfd469de536202?s=96&d=mm&r=g\",\"contentUrl\":\"https:\/\/secure.gravatar.com\/avatar\/f7473fa2fbd351270ccfd469de536202?s=96&d=mm&r=g\",\"caption\":\"sfaltea.com-admin\"},\"url\":\"https:\/\/www.alteacultural.com\/es\/author\/sfaltea-com-admin\/\"}]}<\/script>\n<!-- \/ Yoast SEO plugin. -->","yoast_head_json":{"title":"Palau Altea Centre d\u2019Arts inaugura su temporada con la Orquestra de la Comunitat Valenciana - Altea Cultural","robots":{"index":"index","follow":"follow","max-snippet":"max-snippet:-1","max-image-preview":"max-image-preview:large","max-video-preview":"max-video-preview:-1"},"canonical":"https:\/\/www.alteacultural.com\/es\/2025\/09\/19\/palau-altea-centre-darts-inaugura-la-seua-temporada-amb-la-orquestra-de-la-comunitat-valenciana\/","og_locale":"es_ES","og_type":"article","og_title":"Palau Altea Centre d\u2019Arts inaugura su temporada con la Orquestra de la Comunitat Valenciana - Altea Cultural","og_description":"Viernes 19 de septiembre a las 20:00h. La actividad cultural regresa a Palau Altea Centre d\u2019Arts, que inicia oficialmente [&hellip;]","og_url":"https:\/\/www.alteacultural.com\/es\/2025\/09\/19\/palau-altea-centre-darts-inaugura-la-seua-temporada-amb-la-orquestra-de-la-comunitat-valenciana\/","og_site_name":"Altea Cultural","article_published_time":"2025-09-19T07:44:58+00:00","article_modified_time":"2025-10-06T07:49:58+00:00","og_image":[{"width":800,"height":1136,"url":"https:\/\/www.alteacultural.com\/wp-content\/uploads\/2025\/10\/inauguracion-temporada-palau-web.jpg","type":"image\/jpeg"}],"author":"sfaltea.com-admin","twitter_card":"summary_large_image","twitter_misc":{"Escrito por":"sfaltea.com-admin","Tiempo de lectura":"4 minutos"},"schema":{"@context":"https:\/\/schema.org","@graph":[{"@type":"WebPage","@id":"https:\/\/www.alteacultural.com\/es\/2025\/09\/19\/palau-altea-centre-darts-inaugura-la-seua-temporada-amb-la-orquestra-de-la-comunitat-valenciana\/","url":"https:\/\/www.alteacultural.com\/es\/2025\/09\/19\/palau-altea-centre-darts-inaugura-la-seua-temporada-amb-la-orquestra-de-la-comunitat-valenciana\/","name":"Palau Altea Centre d\u2019Arts inaugura su temporada con la Orquestra de la Comunitat Valenciana - Altea Cultural","isPartOf":{"@id":"https:\/\/www.alteacultural.com\/es\/#website"},"primaryImageOfPage":{"@id":"https:\/\/www.alteacultural.com\/es\/2025\/09\/19\/palau-altea-centre-darts-inaugura-la-seua-temporada-amb-la-orquestra-de-la-comunitat-valenciana\/#primaryimage"},"image":{"@id":"https:\/\/www.alteacultural.com\/es\/2025\/09\/19\/palau-altea-centre-darts-inaugura-la-seua-temporada-amb-la-orquestra-de-la-comunitat-valenciana\/#primaryimage"},"thumbnailUrl":"https:\/\/www.alteacultural.com\/wp-content\/uploads\/2025\/10\/inauguracion-temporada-palau-web.jpg","datePublished":"2025-09-19T07:44:58+00:00","dateModified":"2025-10-06T07:49:58+00:00","author":{"@id":"https:\/\/www.alteacultural.com\/es\/#\/schema\/person\/c4e137537f1af546d214a315255e5172"},"breadcrumb":{"@id":"https:\/\/www.alteacultural.com\/es\/2025\/09\/19\/palau-altea-centre-darts-inaugura-la-seua-temporada-amb-la-orquestra-de-la-comunitat-valenciana\/#breadcrumb"},"inLanguage":"es","potentialAction":[{"@type":"ReadAction","target":["https:\/\/www.alteacultural.com\/es\/2025\/09\/19\/palau-altea-centre-darts-inaugura-la-seua-temporada-amb-la-orquestra-de-la-comunitat-valenciana\/"]}]},{"@type":"ImageObject","inLanguage":"es","@id":"https:\/\/www.alteacultural.com\/es\/2025\/09\/19\/palau-altea-centre-darts-inaugura-la-seua-temporada-amb-la-orquestra-de-la-comunitat-valenciana\/#primaryimage","url":"https:\/\/www.alteacultural.com\/wp-content\/uploads\/2025\/10\/inauguracion-temporada-palau-web.jpg","contentUrl":"https:\/\/www.alteacultural.com\/wp-content\/uploads\/2025\/10\/inauguracion-temporada-palau-web.jpg","width":800,"height":1136},{"@type":"BreadcrumbList","@id":"https:\/\/www.alteacultural.com\/es\/2025\/09\/19\/palau-altea-centre-darts-inaugura-la-seua-temporada-amb-la-orquestra-de-la-comunitat-valenciana\/#breadcrumb","itemListElement":[{"@type":"ListItem","position":1,"name":"Inici","item":"https:\/\/www.alteacultural.com\/es\/"},{"@type":"ListItem","position":2,"name":"Palau Altea Centre d\u2019Arts inaugura su temporada con la Orquestra de la Comunitat Valenciana"}]},{"@type":"WebSite","@id":"https:\/\/www.alteacultural.com\/es\/#website","url":"https:\/\/www.alteacultural.com\/es\/","name":"Altea Cultural","description":"Regidoria de Cultura de l&#039;Ajuntament d&#039;Altea","potentialAction":[{"@type":"SearchAction","target":{"@type":"EntryPoint","urlTemplate":"https:\/\/www.alteacultural.com\/es\/?s={search_term_string}"},"query-input":"required name=search_term_string"}],"inLanguage":"es"},{"@type":"Person","@id":"https:\/\/www.alteacultural.com\/es\/#\/schema\/person\/c4e137537f1af546d214a315255e5172","name":"sfaltea.com-admin","image":{"@type":"ImageObject","inLanguage":"es","@id":"https:\/\/www.alteacultural.com\/es\/#\/schema\/person\/image\/","url":"https:\/\/secure.gravatar.com\/avatar\/f7473fa2fbd351270ccfd469de536202?s=96&d=mm&r=g","contentUrl":"https:\/\/secure.gravatar.com\/avatar\/f7473fa2fbd351270ccfd469de536202?s=96&d=mm&r=g","caption":"sfaltea.com-admin"},"url":"https:\/\/www.alteacultural.com\/es\/author\/sfaltea-com-admin\/"}]}},"_links":{"self":[{"href":"https:\/\/www.alteacultural.com\/es\/wp-json\/wp\/v2\/posts\/38123"}],"collection":[{"href":"https:\/\/www.alteacultural.com\/es\/wp-json\/wp\/v2\/posts"}],"about":[{"href":"https:\/\/www.alteacultural.com\/es\/wp-json\/wp\/v2\/types\/post"}],"author":[{"embeddable":true,"href":"https:\/\/www.alteacultural.com\/es\/wp-json\/wp\/v2\/users\/1"}],"replies":[{"embeddable":true,"href":"https:\/\/www.alteacultural.com\/es\/wp-json\/wp\/v2\/comments?post=38123"}],"version-history":[{"count":1,"href":"https:\/\/www.alteacultural.com\/es\/wp-json\/wp\/v2\/posts\/38123\/revisions"}],"predecessor-version":[{"id":38125,"href":"https:\/\/www.alteacultural.com\/es\/wp-json\/wp\/v2\/posts\/38123\/revisions\/38125"}],"wp:featuredmedia":[{"embeddable":true,"href":"https:\/\/www.alteacultural.com\/es\/wp-json\/wp\/v2\/media\/38121"}],"wp:attachment":[{"href":"https:\/\/www.alteacultural.com\/es\/wp-json\/wp\/v2\/media?parent=38123"}],"curies":[{"name":"wp","href":"https:\/\/api.w.org\/{rel}","templated":true}]}}