{"id":38132,"date":"2025-09-23T09:52:26","date_gmt":"2025-09-23T07:52:26","guid":{"rendered":"https:\/\/www.alteacultural.com\/2025\/09\/23\/el-prado-en-las-calles-sacomiada-daltea\/"},"modified":"2025-10-06T09:57:08","modified_gmt":"2025-10-06T07:57:08","slug":"el-prado-en-las-calles-sacomiada-daltea","status":"publish","type":"post","link":"https:\/\/www.alteacultural.com\/es\/2025\/09\/23\/el-prado-en-las-calles-sacomiada-daltea\/","title":{"rendered":"\u201cEl Prado en las Calles\u201d se despide de Altea"},"content":{"rendered":"\n<figure class=\"wp-block-image size-full\"><img fetchpriority=\"high\" decoding=\"async\" width=\"1028\" height=\"745\" src=\"https:\/\/www.alteacultural.com\/wp-content\/uploads\/2025\/10\/clausura-expo-El-Prado-web.jpg\" alt=\"\" class=\"wp-image-38127\" srcset=\"https:\/\/www.alteacultural.com\/wp-content\/uploads\/2025\/10\/clausura-expo-El-Prado-web.jpg 1028w, https:\/\/www.alteacultural.com\/wp-content\/uploads\/2025\/10\/clausura-expo-El-Prado-web-768x557.jpg 768w\" sizes=\"(max-width: 1028px) 100vw, 1028px\" \/><\/figure>\n\n\n\n<p><\/p>\n\n\n\n<p><strong>Miles de personas han disfrutado de esta exposici\u00f3n instalada en el Paseo Sant Pere.<\/strong><\/p>\n\n\n\n<p>El pasado viernes ten\u00eda lugar la despedida de la gran exposici\u00f3n itinerante \u201cEl Prado en las Calles\u201d que ha estado presente en el Paseo Sant Pere desde el 8 de agosto hasta ayer domingo 21 de septiembre. Una muestra, compuesta por 50 obras, representativa del Museo Nacional del Prado, que a escala real reproduce obras de los grandes maestros de la pintura como Goya, Rubens, Durero, Rembrandt, El Bosco, El Grego, Sorolla y Vel\u00e1zquez.<\/p>\n\n\n\n<p>A la clausura de la exposici\u00f3n acud\u00edan la concejala de Cultura, Pepa Victoria P\u00e9rez; una representaci\u00f3n de la Corporaci\u00f3n Municipal; Marina Chinchilla G\u00f3mez, directora adjunta de administraci\u00f3n del Museo del Prado y Ram\u00f3n Castresana S\u00e1nchez, director de la Fundaci\u00f3n Iberdrola Espa\u00f1a. Una muestra que han disfrutado alteanos, alteanas y miles de visitantes que han pasado por este significativo enclave que es para Altea el Paseo Sant Pere durante su permanencia.<\/p>\n\n\n\n<p>Adem\u00e1s, como recordaba la responsable municipal de Cultura, cada domingo Vel\u00e1zquez ha cobrado un papel protagonista con las representaciones del grupo de teatro \u201cCol.lectiu Intermitent\u201d.<\/p>\n\n\n\n<p>\u201cDesde el momento en que tuve conocimiento de la existencia de esta exposici\u00f3n, el departamento de Cultura se puso a trabajar para traerla a Altea porque consideraba que era una gran oportunidad para la ciudadan\u00eda de admirar las obras de los grandes maestros y quedarse impresionada como me pas\u00f3 a m\u00ed cuando visite, hace muchos a\u00f1os, el museo del Prado\u201d; afirmaba Pepa V. P\u00e9rez.<\/p>\n\n\n\n<p>La edil agradec\u00eda al Museo del Prado y a la Fundaci\u00f3n Iberdrola Espa\u00f1a, gestores de la exposici\u00f3n, el haber tenido a bien traerla a Altea y tambi\u00e9n daba las gracias por la donaci\u00f3n de cat\u00e1logos que desde el Museo se ha hecho al fondo bibliogr\u00e1fico de la Biblioteca Municipal.<\/p>\n\n\n\n<figure class=\"wp-block-image size-full\"><img decoding=\"async\" width=\"800\" height=\"845\" data-src=\"https:\/\/www.alteacultural.com\/wp-content\/uploads\/2025\/10\/entrega-catalogos-el-Prado-web.jpg\" alt=\"\" class=\"wp-image-38129 lazyload\" data-srcset=\"https:\/\/www.alteacultural.com\/wp-content\/uploads\/2025\/10\/entrega-catalogos-el-Prado-web.jpg 800w, https:\/\/www.alteacultural.com\/wp-content\/uploads\/2025\/10\/entrega-catalogos-el-Prado-web-768x811.jpg 768w\" data-sizes=\"(max-width: 800px) 100vw, 800px\" src=\"data:image\/gif;base64,R0lGODlhAQABAAAAACH5BAEKAAEALAAAAAABAAEAAAICTAEAOw==\" style=\"--smush-placeholder-width: 800px; --smush-placeholder-aspect-ratio: 800\/845;\" \/><\/figure>\n\n\n\n<p><\/p>\n\n\n\n<p>Asimismo tomaban la palabra Marina Chinchilla y Ram\u00f3n Castresana, pon\u00edan de relieve el lugar elegido para ubicar la muestra, ya que el Paseo Sant Pere, adem\u00e1s de gran belleza, es transitado por miles de personas durante todo el a\u00f1o y m\u00e1s a\u00fan durante los meses de agosto y septiembre por la condici\u00f3n tur\u00edstica del municipio. \u201cNunca antes las obras del Prado han estado tan cerca del mar\u201d, afirmaba la directora adjunta de administraci\u00f3n del Museo del Prado.<\/p>\n\n\n\n<p>Tras los parlamentos se proced\u00eda a una visita de la exposici\u00f3n, en la que los presentes tuvieron el privilegio de disfrutar de las explicaciones de Fernando P\u00e9rez Suescun, T\u00e9cnico de Gesti\u00f3n de la Coordinaci\u00f3n General de Educaci\u00f3n del Museo del Prado.<\/p>\n\n\n\n<p>| ALTEADIGITAL.ES<\/p>\n","protected":false},"excerpt":{"rendered":"<p>Miles de personas han disfrutado de esta exposici\u00f3n instalada en el Paseo Sant Pere. El pasado viernes ten\u00eda lugar [&hellip;]<\/p>\n","protected":false},"author":1,"featured_media":38128,"comment_status":"open","ping_status":"open","sticky":false,"template":"","format":"standard","meta":{"_expiration-date-status":"","_expiration-date":0,"_expiration-date-type":"","_expiration-date-categories":[],"_expiration-date-options":[],"footnotes":""},"yoast_head":"<!-- This site is optimized with the Yoast SEO plugin v22.8 - https:\/\/yoast.com\/wordpress\/plugins\/seo\/ -->\n<title>\u201cEl Prado en las Calles\u201d se despide de Altea - Altea Cultural<\/title>\n<meta name=\"robots\" content=\"index, follow, max-snippet:-1, max-image-preview:large, max-video-preview:-1\" \/>\n<link rel=\"canonical\" href=\"https:\/\/www.alteacultural.com\/es\/2025\/09\/23\/el-prado-en-las-calles-sacomiada-daltea\/\" \/>\n<meta property=\"og:locale\" content=\"es_ES\" \/>\n<meta property=\"og:type\" content=\"article\" \/>\n<meta property=\"og:title\" content=\"\u201cEl Prado en las Calles\u201d se despide de Altea - Altea Cultural\" \/>\n<meta property=\"og:description\" content=\"Miles de personas han disfrutado de esta exposici\u00f3n instalada en el Paseo Sant Pere. El pasado viernes ten\u00eda lugar [&hellip;]\" \/>\n<meta property=\"og:url\" content=\"https:\/\/www.alteacultural.com\/es\/2025\/09\/23\/el-prado-en-las-calles-sacomiada-daltea\/\" \/>\n<meta property=\"og:site_name\" content=\"Altea Cultural\" \/>\n<meta property=\"article:published_time\" content=\"2025-09-23T07:52:26+00:00\" \/>\n<meta property=\"article:modified_time\" content=\"2025-10-06T07:57:08+00:00\" \/>\n<meta property=\"og:image\" content=\"https:\/\/www.alteacultural.com\/wp-content\/uploads\/2025\/10\/clausura-expo-El-Prado-web.jpg\" \/>\n\t<meta property=\"og:image:width\" content=\"1028\" \/>\n\t<meta property=\"og:image:height\" content=\"745\" \/>\n\t<meta property=\"og:image:type\" content=\"image\/jpeg\" \/>\n<meta name=\"author\" content=\"sfaltea.com-admin\" \/>\n<meta name=\"twitter:card\" content=\"summary_large_image\" \/>\n<meta name=\"twitter:label1\" content=\"Escrito por\" \/>\n\t<meta name=\"twitter:data1\" content=\"sfaltea.com-admin\" \/>\n\t<meta name=\"twitter:label2\" content=\"Tiempo de lectura\" \/>\n\t<meta name=\"twitter:data2\" content=\"3 minutos\" \/>\n<script type=\"application\/ld+json\" class=\"yoast-schema-graph\">{\"@context\":\"https:\/\/schema.org\",\"@graph\":[{\"@type\":\"WebPage\",\"@id\":\"https:\/\/www.alteacultural.com\/es\/2025\/09\/23\/el-prado-en-las-calles-sacomiada-daltea\/\",\"url\":\"https:\/\/www.alteacultural.com\/es\/2025\/09\/23\/el-prado-en-las-calles-sacomiada-daltea\/\",\"name\":\"\u201cEl Prado en las Calles\u201d se despide de Altea - Altea Cultural\",\"isPartOf\":{\"@id\":\"https:\/\/www.alteacultural.com\/es\/#website\"},\"primaryImageOfPage\":{\"@id\":\"https:\/\/www.alteacultural.com\/es\/2025\/09\/23\/el-prado-en-las-calles-sacomiada-daltea\/#primaryimage\"},\"image\":{\"@id\":\"https:\/\/www.alteacultural.com\/es\/2025\/09\/23\/el-prado-en-las-calles-sacomiada-daltea\/#primaryimage\"},\"thumbnailUrl\":\"https:\/\/www.alteacultural.com\/wp-content\/uploads\/2025\/10\/clausura-expo-El-Prado-web.jpg\",\"datePublished\":\"2025-09-23T07:52:26+00:00\",\"dateModified\":\"2025-10-06T07:57:08+00:00\",\"author\":{\"@id\":\"https:\/\/www.alteacultural.com\/es\/#\/schema\/person\/c4e137537f1af546d214a315255e5172\"},\"breadcrumb\":{\"@id\":\"https:\/\/www.alteacultural.com\/es\/2025\/09\/23\/el-prado-en-las-calles-sacomiada-daltea\/#breadcrumb\"},\"inLanguage\":\"es\",\"potentialAction\":[{\"@type\":\"ReadAction\",\"target\":[\"https:\/\/www.alteacultural.com\/es\/2025\/09\/23\/el-prado-en-las-calles-sacomiada-daltea\/\"]}]},{\"@type\":\"ImageObject\",\"inLanguage\":\"es\",\"@id\":\"https:\/\/www.alteacultural.com\/es\/2025\/09\/23\/el-prado-en-las-calles-sacomiada-daltea\/#primaryimage\",\"url\":\"https:\/\/www.alteacultural.com\/wp-content\/uploads\/2025\/10\/clausura-expo-El-Prado-web.jpg\",\"contentUrl\":\"https:\/\/www.alteacultural.com\/wp-content\/uploads\/2025\/10\/clausura-expo-El-Prado-web.jpg\",\"width\":1028,\"height\":745},{\"@type\":\"BreadcrumbList\",\"@id\":\"https:\/\/www.alteacultural.com\/es\/2025\/09\/23\/el-prado-en-las-calles-sacomiada-daltea\/#breadcrumb\",\"itemListElement\":[{\"@type\":\"ListItem\",\"position\":1,\"name\":\"Inici\",\"item\":\"https:\/\/www.alteacultural.com\/es\/\"},{\"@type\":\"ListItem\",\"position\":2,\"name\":\"\u201cEl Prado en las Calles\u201d se despide de Altea\"}]},{\"@type\":\"WebSite\",\"@id\":\"https:\/\/www.alteacultural.com\/es\/#website\",\"url\":\"https:\/\/www.alteacultural.com\/es\/\",\"name\":\"Altea Cultural\",\"description\":\"Regidoria de Cultura de l&#039;Ajuntament d&#039;Altea\",\"potentialAction\":[{\"@type\":\"SearchAction\",\"target\":{\"@type\":\"EntryPoint\",\"urlTemplate\":\"https:\/\/www.alteacultural.com\/es\/?s={search_term_string}\"},\"query-input\":\"required name=search_term_string\"}],\"inLanguage\":\"es\"},{\"@type\":\"Person\",\"@id\":\"https:\/\/www.alteacultural.com\/es\/#\/schema\/person\/c4e137537f1af546d214a315255e5172\",\"name\":\"sfaltea.com-admin\",\"image\":{\"@type\":\"ImageObject\",\"inLanguage\":\"es\",\"@id\":\"https:\/\/www.alteacultural.com\/es\/#\/schema\/person\/image\/\",\"url\":\"https:\/\/secure.gravatar.com\/avatar\/f7473fa2fbd351270ccfd469de536202?s=96&d=mm&r=g\",\"contentUrl\":\"https:\/\/secure.gravatar.com\/avatar\/f7473fa2fbd351270ccfd469de536202?s=96&d=mm&r=g\",\"caption\":\"sfaltea.com-admin\"},\"url\":\"https:\/\/www.alteacultural.com\/es\/author\/sfaltea-com-admin\/\"}]}<\/script>\n<!-- \/ Yoast SEO plugin. -->","yoast_head_json":{"title":"\u201cEl Prado en las Calles\u201d se despide de Altea - Altea Cultural","robots":{"index":"index","follow":"follow","max-snippet":"max-snippet:-1","max-image-preview":"max-image-preview:large","max-video-preview":"max-video-preview:-1"},"canonical":"https:\/\/www.alteacultural.com\/es\/2025\/09\/23\/el-prado-en-las-calles-sacomiada-daltea\/","og_locale":"es_ES","og_type":"article","og_title":"\u201cEl Prado en las Calles\u201d se despide de Altea - Altea Cultural","og_description":"Miles de personas han disfrutado de esta exposici\u00f3n instalada en el Paseo Sant Pere. El pasado viernes ten\u00eda lugar [&hellip;]","og_url":"https:\/\/www.alteacultural.com\/es\/2025\/09\/23\/el-prado-en-las-calles-sacomiada-daltea\/","og_site_name":"Altea Cultural","article_published_time":"2025-09-23T07:52:26+00:00","article_modified_time":"2025-10-06T07:57:08+00:00","og_image":[{"width":1028,"height":745,"url":"https:\/\/www.alteacultural.com\/wp-content\/uploads\/2025\/10\/clausura-expo-El-Prado-web.jpg","type":"image\/jpeg"}],"author":"sfaltea.com-admin","twitter_card":"summary_large_image","twitter_misc":{"Escrito por":"sfaltea.com-admin","Tiempo de lectura":"3 minutos"},"schema":{"@context":"https:\/\/schema.org","@graph":[{"@type":"WebPage","@id":"https:\/\/www.alteacultural.com\/es\/2025\/09\/23\/el-prado-en-las-calles-sacomiada-daltea\/","url":"https:\/\/www.alteacultural.com\/es\/2025\/09\/23\/el-prado-en-las-calles-sacomiada-daltea\/","name":"\u201cEl Prado en las Calles\u201d se despide de Altea - Altea Cultural","isPartOf":{"@id":"https:\/\/www.alteacultural.com\/es\/#website"},"primaryImageOfPage":{"@id":"https:\/\/www.alteacultural.com\/es\/2025\/09\/23\/el-prado-en-las-calles-sacomiada-daltea\/#primaryimage"},"image":{"@id":"https:\/\/www.alteacultural.com\/es\/2025\/09\/23\/el-prado-en-las-calles-sacomiada-daltea\/#primaryimage"},"thumbnailUrl":"https:\/\/www.alteacultural.com\/wp-content\/uploads\/2025\/10\/clausura-expo-El-Prado-web.jpg","datePublished":"2025-09-23T07:52:26+00:00","dateModified":"2025-10-06T07:57:08+00:00","author":{"@id":"https:\/\/www.alteacultural.com\/es\/#\/schema\/person\/c4e137537f1af546d214a315255e5172"},"breadcrumb":{"@id":"https:\/\/www.alteacultural.com\/es\/2025\/09\/23\/el-prado-en-las-calles-sacomiada-daltea\/#breadcrumb"},"inLanguage":"es","potentialAction":[{"@type":"ReadAction","target":["https:\/\/www.alteacultural.com\/es\/2025\/09\/23\/el-prado-en-las-calles-sacomiada-daltea\/"]}]},{"@type":"ImageObject","inLanguage":"es","@id":"https:\/\/www.alteacultural.com\/es\/2025\/09\/23\/el-prado-en-las-calles-sacomiada-daltea\/#primaryimage","url":"https:\/\/www.alteacultural.com\/wp-content\/uploads\/2025\/10\/clausura-expo-El-Prado-web.jpg","contentUrl":"https:\/\/www.alteacultural.com\/wp-content\/uploads\/2025\/10\/clausura-expo-El-Prado-web.jpg","width":1028,"height":745},{"@type":"BreadcrumbList","@id":"https:\/\/www.alteacultural.com\/es\/2025\/09\/23\/el-prado-en-las-calles-sacomiada-daltea\/#breadcrumb","itemListElement":[{"@type":"ListItem","position":1,"name":"Inici","item":"https:\/\/www.alteacultural.com\/es\/"},{"@type":"ListItem","position":2,"name":"\u201cEl Prado en las Calles\u201d se despide de Altea"}]},{"@type":"WebSite","@id":"https:\/\/www.alteacultural.com\/es\/#website","url":"https:\/\/www.alteacultural.com\/es\/","name":"Altea Cultural","description":"Regidoria de Cultura de l&#039;Ajuntament d&#039;Altea","potentialAction":[{"@type":"SearchAction","target":{"@type":"EntryPoint","urlTemplate":"https:\/\/www.alteacultural.com\/es\/?s={search_term_string}"},"query-input":"required name=search_term_string"}],"inLanguage":"es"},{"@type":"Person","@id":"https:\/\/www.alteacultural.com\/es\/#\/schema\/person\/c4e137537f1af546d214a315255e5172","name":"sfaltea.com-admin","image":{"@type":"ImageObject","inLanguage":"es","@id":"https:\/\/www.alteacultural.com\/es\/#\/schema\/person\/image\/","url":"https:\/\/secure.gravatar.com\/avatar\/f7473fa2fbd351270ccfd469de536202?s=96&d=mm&r=g","contentUrl":"https:\/\/secure.gravatar.com\/avatar\/f7473fa2fbd351270ccfd469de536202?s=96&d=mm&r=g","caption":"sfaltea.com-admin"},"url":"https:\/\/www.alteacultural.com\/es\/author\/sfaltea-com-admin\/"}]}},"_links":{"self":[{"href":"https:\/\/www.alteacultural.com\/es\/wp-json\/wp\/v2\/posts\/38132"}],"collection":[{"href":"https:\/\/www.alteacultural.com\/es\/wp-json\/wp\/v2\/posts"}],"about":[{"href":"https:\/\/www.alteacultural.com\/es\/wp-json\/wp\/v2\/types\/post"}],"author":[{"embeddable":true,"href":"https:\/\/www.alteacultural.com\/es\/wp-json\/wp\/v2\/users\/1"}],"replies":[{"embeddable":true,"href":"https:\/\/www.alteacultural.com\/es\/wp-json\/wp\/v2\/comments?post=38132"}],"version-history":[{"count":1,"href":"https:\/\/www.alteacultural.com\/es\/wp-json\/wp\/v2\/posts\/38132\/revisions"}],"predecessor-version":[{"id":38134,"href":"https:\/\/www.alteacultural.com\/es\/wp-json\/wp\/v2\/posts\/38132\/revisions\/38134"}],"wp:featuredmedia":[{"embeddable":true,"href":"https:\/\/www.alteacultural.com\/es\/wp-json\/wp\/v2\/media\/38128"}],"wp:attachment":[{"href":"https:\/\/www.alteacultural.com\/es\/wp-json\/wp\/v2\/media?parent=38132"}],"curies":[{"name":"wp","href":"https:\/\/api.w.org\/{rel}","templated":true}]}}