{"id":38139,"date":"2025-09-29T10:00:16","date_gmt":"2025-09-29T08:00:16","guid":{"rendered":"https:\/\/www.alteacultural.com\/2025\/09\/29\/oberta-la-inscripcio-per-a-assistir-a-la-universitat-de-lexperiencia\/"},"modified":"2025-10-06T10:04:37","modified_gmt":"2025-10-06T08:04:37","slug":"oberta-la-inscripcio-per-a-assistir-a-la-universitat-de-lexperiencia","status":"publish","type":"post","link":"https:\/\/www.alteacultural.com\/es\/2025\/09\/29\/oberta-la-inscripcio-per-a-assistir-a-la-universitat-de-lexperiencia\/","title":{"rendered":"Abierta la inscripci\u00f3n para asistir a la Universidad de la Experiencia"},"content":{"rendered":"\n<figure class=\"wp-block-image size-full\"><img fetchpriority=\"high\" decoding=\"async\" width=\"743\" height=\"413\" src=\"https:\/\/www.alteacultural.com\/wp-content\/uploads\/2025\/10\/AUNEX.jpg\" alt=\"\" class=\"wp-image-38136\"\/><\/figure>\n\n\n\n<p><\/p>\n\n\n\n<p><strong>Las clases de la AUNEX en Altea se impartir\u00e1n los lunes y jueves de 17 a 20:00h.<\/strong><\/p>\n\n\n\n<p>Las personas mayores de 55 a\u00f1os que deseen asistir al curso AUNEX 2025-2026, pueden formalizar ya su inscripci\u00f3n. As\u00ed lo ha anunciado la edil de Cultura, Pepa V. P\u00e9rez, quien ha apuntado que \u201casistir a las aulas de la experiencia es una muy buena oportunidad para aprender, socializar y realizar actividades culturales\u201d.<\/p>\n\n\n\n<p>Seg\u00fan los datos facilitados por la concejala, el periodo de matricula se encuentra abierto y la inscripci\u00f3n se ha de formalizar en <a href=\"https:\/\/sabiex.umh.es\/sede-altea\/\">https:\/\/sabiex.umh.es\/sede-altea\/<\/a>. El periodo de matriculaci\u00f3n estar\u00e1 abierto hasta el 10 de octubre o hasta que se agoten las 75 plazas disponibles. El Precio de la tasa es de 110\u20ac y en el mismo se incluye el seguro de estudiante.<\/p>\n\n\n\n<p>Las asignaturas de este curso son econom\u00eda pol\u00edtica; la qu\u00edmica en nuestra vida; pol\u00edticas de prevenci\u00f3n del cibercrimen; sociolog\u00eda; memoria. Trabajando nuestra mente y emociones; biolog\u00eda, espacios naturales y sostenibilidad y el derecho y la justicia.<\/p>\n\n\n\n<p>Las clases en Altea tendr\u00e1n lugar, a partir de la segunda quincena de octubre, los lunes y mi\u00e9rcoles, en horario de 17 a 20:00h en la Casa de Cultura.<\/p>\n\n\n\n<p>Finalmente la responsable municipal de Cultura anima a la participaci\u00f3n y recuerda que se trata de una iniciativa de la Universidad Miguel Hern\u00e1ndez de Elche en colaboraci\u00f3n con el Ayuntamiento de Altea.<\/p>\n\n\n\n<p>| ALTEADIGITAL.ES<\/p>\n","protected":false},"excerpt":{"rendered":"<p>Las clases de la AUNEX en Altea se impartir\u00e1n los lunes y jueves de 17 a 20:00h. Las personas [&hellip;]<\/p>\n","protected":false},"author":1,"featured_media":38137,"comment_status":"open","ping_status":"open","sticky":false,"template":"","format":"standard","meta":{"_expiration-date-status":"","_expiration-date":0,"_expiration-date-type":"","_expiration-date-categories":[],"_expiration-date-options":[],"footnotes":""},"yoast_head":"<!-- This site is optimized with the Yoast SEO plugin v22.8 - https:\/\/yoast.com\/wordpress\/plugins\/seo\/ -->\n<title>Abierta la inscripci\u00f3n para asistir a la Universidad de la Experiencia - Altea Cultural<\/title>\n<meta name=\"robots\" content=\"index, follow, max-snippet:-1, max-image-preview:large, max-video-preview:-1\" \/>\n<link rel=\"canonical\" href=\"https:\/\/www.alteacultural.com\/es\/2025\/09\/29\/oberta-la-inscripcio-per-a-assistir-a-la-universitat-de-lexperiencia\/\" \/>\n<meta property=\"og:locale\" content=\"es_ES\" \/>\n<meta property=\"og:type\" content=\"article\" \/>\n<meta property=\"og:title\" content=\"Abierta la inscripci\u00f3n para asistir a la Universidad de la Experiencia - Altea Cultural\" \/>\n<meta property=\"og:description\" content=\"Las clases de la AUNEX en Altea se impartir\u00e1n los lunes y jueves de 17 a 20:00h. Las personas [&hellip;]\" \/>\n<meta property=\"og:url\" content=\"https:\/\/www.alteacultural.com\/es\/2025\/09\/29\/oberta-la-inscripcio-per-a-assistir-a-la-universitat-de-lexperiencia\/\" \/>\n<meta property=\"og:site_name\" content=\"Altea Cultural\" \/>\n<meta property=\"article:published_time\" content=\"2025-09-29T08:00:16+00:00\" \/>\n<meta property=\"article:modified_time\" content=\"2025-10-06T08:04:37+00:00\" \/>\n<meta property=\"og:image\" content=\"https:\/\/www.alteacultural.com\/wp-content\/uploads\/2025\/10\/AUNEX.jpg\" \/>\n\t<meta property=\"og:image:width\" content=\"743\" \/>\n\t<meta property=\"og:image:height\" content=\"413\" \/>\n\t<meta property=\"og:image:type\" content=\"image\/jpeg\" \/>\n<meta name=\"author\" content=\"sfaltea.com-admin\" \/>\n<meta name=\"twitter:card\" content=\"summary_large_image\" \/>\n<meta name=\"twitter:label1\" content=\"Escrito por\" \/>\n\t<meta name=\"twitter:data1\" content=\"sfaltea.com-admin\" \/>\n\t<meta name=\"twitter:label2\" content=\"Tiempo de lectura\" \/>\n\t<meta name=\"twitter:data2\" content=\"2 minutos\" \/>\n<script type=\"application\/ld+json\" class=\"yoast-schema-graph\">{\"@context\":\"https:\/\/schema.org\",\"@graph\":[{\"@type\":\"WebPage\",\"@id\":\"https:\/\/www.alteacultural.com\/es\/2025\/09\/29\/oberta-la-inscripcio-per-a-assistir-a-la-universitat-de-lexperiencia\/\",\"url\":\"https:\/\/www.alteacultural.com\/es\/2025\/09\/29\/oberta-la-inscripcio-per-a-assistir-a-la-universitat-de-lexperiencia\/\",\"name\":\"Abierta la inscripci\u00f3n para asistir a la Universidad de la Experiencia - Altea Cultural\",\"isPartOf\":{\"@id\":\"https:\/\/www.alteacultural.com\/es\/#website\"},\"primaryImageOfPage\":{\"@id\":\"https:\/\/www.alteacultural.com\/es\/2025\/09\/29\/oberta-la-inscripcio-per-a-assistir-a-la-universitat-de-lexperiencia\/#primaryimage\"},\"image\":{\"@id\":\"https:\/\/www.alteacultural.com\/es\/2025\/09\/29\/oberta-la-inscripcio-per-a-assistir-a-la-universitat-de-lexperiencia\/#primaryimage\"},\"thumbnailUrl\":\"https:\/\/www.alteacultural.com\/wp-content\/uploads\/2025\/10\/AUNEX.jpg\",\"datePublished\":\"2025-09-29T08:00:16+00:00\",\"dateModified\":\"2025-10-06T08:04:37+00:00\",\"author\":{\"@id\":\"https:\/\/www.alteacultural.com\/es\/#\/schema\/person\/c4e137537f1af546d214a315255e5172\"},\"breadcrumb\":{\"@id\":\"https:\/\/www.alteacultural.com\/es\/2025\/09\/29\/oberta-la-inscripcio-per-a-assistir-a-la-universitat-de-lexperiencia\/#breadcrumb\"},\"inLanguage\":\"es\",\"potentialAction\":[{\"@type\":\"ReadAction\",\"target\":[\"https:\/\/www.alteacultural.com\/es\/2025\/09\/29\/oberta-la-inscripcio-per-a-assistir-a-la-universitat-de-lexperiencia\/\"]}]},{\"@type\":\"ImageObject\",\"inLanguage\":\"es\",\"@id\":\"https:\/\/www.alteacultural.com\/es\/2025\/09\/29\/oberta-la-inscripcio-per-a-assistir-a-la-universitat-de-lexperiencia\/#primaryimage\",\"url\":\"https:\/\/www.alteacultural.com\/wp-content\/uploads\/2025\/10\/AUNEX.jpg\",\"contentUrl\":\"https:\/\/www.alteacultural.com\/wp-content\/uploads\/2025\/10\/AUNEX.jpg\",\"width\":743,\"height\":413},{\"@type\":\"BreadcrumbList\",\"@id\":\"https:\/\/www.alteacultural.com\/es\/2025\/09\/29\/oberta-la-inscripcio-per-a-assistir-a-la-universitat-de-lexperiencia\/#breadcrumb\",\"itemListElement\":[{\"@type\":\"ListItem\",\"position\":1,\"name\":\"Inici\",\"item\":\"https:\/\/www.alteacultural.com\/es\/\"},{\"@type\":\"ListItem\",\"position\":2,\"name\":\"Abierta la inscripci\u00f3n para asistir a la Universidad de la Experiencia\"}]},{\"@type\":\"WebSite\",\"@id\":\"https:\/\/www.alteacultural.com\/es\/#website\",\"url\":\"https:\/\/www.alteacultural.com\/es\/\",\"name\":\"Altea Cultural\",\"description\":\"Regidoria de Cultura de l&#039;Ajuntament d&#039;Altea\",\"potentialAction\":[{\"@type\":\"SearchAction\",\"target\":{\"@type\":\"EntryPoint\",\"urlTemplate\":\"https:\/\/www.alteacultural.com\/es\/?s={search_term_string}\"},\"query-input\":\"required name=search_term_string\"}],\"inLanguage\":\"es\"},{\"@type\":\"Person\",\"@id\":\"https:\/\/www.alteacultural.com\/es\/#\/schema\/person\/c4e137537f1af546d214a315255e5172\",\"name\":\"sfaltea.com-admin\",\"image\":{\"@type\":\"ImageObject\",\"inLanguage\":\"es\",\"@id\":\"https:\/\/www.alteacultural.com\/es\/#\/schema\/person\/image\/\",\"url\":\"https:\/\/secure.gravatar.com\/avatar\/f7473fa2fbd351270ccfd469de536202?s=96&d=mm&r=g\",\"contentUrl\":\"https:\/\/secure.gravatar.com\/avatar\/f7473fa2fbd351270ccfd469de536202?s=96&d=mm&r=g\",\"caption\":\"sfaltea.com-admin\"},\"url\":\"https:\/\/www.alteacultural.com\/es\/author\/sfaltea-com-admin\/\"}]}<\/script>\n<!-- \/ Yoast SEO plugin. -->","yoast_head_json":{"title":"Abierta la inscripci\u00f3n para asistir a la Universidad de la Experiencia - Altea Cultural","robots":{"index":"index","follow":"follow","max-snippet":"max-snippet:-1","max-image-preview":"max-image-preview:large","max-video-preview":"max-video-preview:-1"},"canonical":"https:\/\/www.alteacultural.com\/es\/2025\/09\/29\/oberta-la-inscripcio-per-a-assistir-a-la-universitat-de-lexperiencia\/","og_locale":"es_ES","og_type":"article","og_title":"Abierta la inscripci\u00f3n para asistir a la Universidad de la Experiencia - Altea Cultural","og_description":"Las clases de la AUNEX en Altea se impartir\u00e1n los lunes y jueves de 17 a 20:00h. Las personas [&hellip;]","og_url":"https:\/\/www.alteacultural.com\/es\/2025\/09\/29\/oberta-la-inscripcio-per-a-assistir-a-la-universitat-de-lexperiencia\/","og_site_name":"Altea Cultural","article_published_time":"2025-09-29T08:00:16+00:00","article_modified_time":"2025-10-06T08:04:37+00:00","og_image":[{"width":743,"height":413,"url":"https:\/\/www.alteacultural.com\/wp-content\/uploads\/2025\/10\/AUNEX.jpg","type":"image\/jpeg"}],"author":"sfaltea.com-admin","twitter_card":"summary_large_image","twitter_misc":{"Escrito por":"sfaltea.com-admin","Tiempo de lectura":"2 minutos"},"schema":{"@context":"https:\/\/schema.org","@graph":[{"@type":"WebPage","@id":"https:\/\/www.alteacultural.com\/es\/2025\/09\/29\/oberta-la-inscripcio-per-a-assistir-a-la-universitat-de-lexperiencia\/","url":"https:\/\/www.alteacultural.com\/es\/2025\/09\/29\/oberta-la-inscripcio-per-a-assistir-a-la-universitat-de-lexperiencia\/","name":"Abierta la inscripci\u00f3n para asistir a la Universidad de la Experiencia - Altea Cultural","isPartOf":{"@id":"https:\/\/www.alteacultural.com\/es\/#website"},"primaryImageOfPage":{"@id":"https:\/\/www.alteacultural.com\/es\/2025\/09\/29\/oberta-la-inscripcio-per-a-assistir-a-la-universitat-de-lexperiencia\/#primaryimage"},"image":{"@id":"https:\/\/www.alteacultural.com\/es\/2025\/09\/29\/oberta-la-inscripcio-per-a-assistir-a-la-universitat-de-lexperiencia\/#primaryimage"},"thumbnailUrl":"https:\/\/www.alteacultural.com\/wp-content\/uploads\/2025\/10\/AUNEX.jpg","datePublished":"2025-09-29T08:00:16+00:00","dateModified":"2025-10-06T08:04:37+00:00","author":{"@id":"https:\/\/www.alteacultural.com\/es\/#\/schema\/person\/c4e137537f1af546d214a315255e5172"},"breadcrumb":{"@id":"https:\/\/www.alteacultural.com\/es\/2025\/09\/29\/oberta-la-inscripcio-per-a-assistir-a-la-universitat-de-lexperiencia\/#breadcrumb"},"inLanguage":"es","potentialAction":[{"@type":"ReadAction","target":["https:\/\/www.alteacultural.com\/es\/2025\/09\/29\/oberta-la-inscripcio-per-a-assistir-a-la-universitat-de-lexperiencia\/"]}]},{"@type":"ImageObject","inLanguage":"es","@id":"https:\/\/www.alteacultural.com\/es\/2025\/09\/29\/oberta-la-inscripcio-per-a-assistir-a-la-universitat-de-lexperiencia\/#primaryimage","url":"https:\/\/www.alteacultural.com\/wp-content\/uploads\/2025\/10\/AUNEX.jpg","contentUrl":"https:\/\/www.alteacultural.com\/wp-content\/uploads\/2025\/10\/AUNEX.jpg","width":743,"height":413},{"@type":"BreadcrumbList","@id":"https:\/\/www.alteacultural.com\/es\/2025\/09\/29\/oberta-la-inscripcio-per-a-assistir-a-la-universitat-de-lexperiencia\/#breadcrumb","itemListElement":[{"@type":"ListItem","position":1,"name":"Inici","item":"https:\/\/www.alteacultural.com\/es\/"},{"@type":"ListItem","position":2,"name":"Abierta la inscripci\u00f3n para asistir a la Universidad de la Experiencia"}]},{"@type":"WebSite","@id":"https:\/\/www.alteacultural.com\/es\/#website","url":"https:\/\/www.alteacultural.com\/es\/","name":"Altea Cultural","description":"Regidoria de Cultura de l&#039;Ajuntament d&#039;Altea","potentialAction":[{"@type":"SearchAction","target":{"@type":"EntryPoint","urlTemplate":"https:\/\/www.alteacultural.com\/es\/?s={search_term_string}"},"query-input":"required name=search_term_string"}],"inLanguage":"es"},{"@type":"Person","@id":"https:\/\/www.alteacultural.com\/es\/#\/schema\/person\/c4e137537f1af546d214a315255e5172","name":"sfaltea.com-admin","image":{"@type":"ImageObject","inLanguage":"es","@id":"https:\/\/www.alteacultural.com\/es\/#\/schema\/person\/image\/","url":"https:\/\/secure.gravatar.com\/avatar\/f7473fa2fbd351270ccfd469de536202?s=96&d=mm&r=g","contentUrl":"https:\/\/secure.gravatar.com\/avatar\/f7473fa2fbd351270ccfd469de536202?s=96&d=mm&r=g","caption":"sfaltea.com-admin"},"url":"https:\/\/www.alteacultural.com\/es\/author\/sfaltea-com-admin\/"}]}},"_links":{"self":[{"href":"https:\/\/www.alteacultural.com\/es\/wp-json\/wp\/v2\/posts\/38139"}],"collection":[{"href":"https:\/\/www.alteacultural.com\/es\/wp-json\/wp\/v2\/posts"}],"about":[{"href":"https:\/\/www.alteacultural.com\/es\/wp-json\/wp\/v2\/types\/post"}],"author":[{"embeddable":true,"href":"https:\/\/www.alteacultural.com\/es\/wp-json\/wp\/v2\/users\/1"}],"replies":[{"embeddable":true,"href":"https:\/\/www.alteacultural.com\/es\/wp-json\/wp\/v2\/comments?post=38139"}],"version-history":[{"count":1,"href":"https:\/\/www.alteacultural.com\/es\/wp-json\/wp\/v2\/posts\/38139\/revisions"}],"predecessor-version":[{"id":38141,"href":"https:\/\/www.alteacultural.com\/es\/wp-json\/wp\/v2\/posts\/38139\/revisions\/38141"}],"wp:featuredmedia":[{"embeddable":true,"href":"https:\/\/www.alteacultural.com\/es\/wp-json\/wp\/v2\/media\/38137"}],"wp:attachment":[{"href":"https:\/\/www.alteacultural.com\/es\/wp-json\/wp\/v2\/media?parent=38139"}],"curies":[{"name":"wp","href":"https:\/\/api.w.org\/{rel}","templated":true}]}}