{"id":38147,"date":"2025-10-03T10:10:55","date_gmt":"2025-10-03T08:10:55","guid":{"rendered":"https:\/\/www.alteacultural.com\/2025\/10\/03\/lajuntament-daltea-i-la-fundacio-music-for-all-sunixen-per-a-fer-accessible-el-fesporrat-2025\/"},"modified":"2025-10-06T10:14:55","modified_gmt":"2025-10-06T08:14:55","slug":"lajuntament-daltea-i-la-fundacio-music-for-all-sunixen-per-a-fer-accessible-el-fesporrat-2025","status":"publish","type":"post","link":"https:\/\/www.alteacultural.com\/es\/2025\/10\/03\/lajuntament-daltea-i-la-fundacio-music-for-all-sunixen-per-a-fer-accessible-el-fesporrat-2025\/","title":{"rendered":"El Ayuntamiento de Altea y la Fundaci\u00f3n Music For All se unen para hacer accesible el Fesporrat 2025"},"content":{"rendered":"\n<figure class=\"wp-block-image size-full\"><img fetchpriority=\"high\" decoding=\"async\" width=\"1028\" height=\"552\" src=\"https:\/\/www.alteacultural.com\/wp-content\/uploads\/2025\/10\/Fsporrat-Accessible-web.jpg\" alt=\"\" class=\"wp-image-38144\" srcset=\"https:\/\/www.alteacultural.com\/wp-content\/uploads\/2025\/10\/Fsporrat-Accessible-web.jpg 1028w, https:\/\/www.alteacultural.com\/wp-content\/uploads\/2025\/10\/Fsporrat-Accessible-web-768x412.jpg 768w\" sizes=\"(max-width: 1028px) 100vw, 1028px\" \/><\/figure>\n\n\n\n<p><\/p>\n\n\n\n<p><strong>S\u00e1bado 4 de octubre, 22:00h en aparcamiento Basseta.<\/strong><\/p>\n\n\n\n<p>El Ayuntamiento de Altea y la Fundaci\u00f3n Music For All colaboran en el Fesporrat 2025, uno de los eventos m\u00e1s esperados del calendario cultural, con el objetivo de hacerlo m\u00e1s inclusivo y accesible para todas las personas.<\/p>\n\n\n\n<p>Desde 2015, el Fesporrat se ha consolidado como un festival de m\u00fasica anual que destaca por reunir a grupos que mantienen viva la m\u00fasica en valenciano, reflejando la identidad y la cultura local.<\/p>\n\n\n\n<p>En esta edici\u00f3n, tras el tradicional Correbars, la programaci\u00f3n continuar\u00e1 en la zona de conciertos, que tendr\u00e1 lugar en el aparcamiento de la Basseta, Cam\u00ed de l\u2019Algar. El show, de acceso gratuito, contar\u00e1 con las actuaciones de Makedat Records, Cabrafotuda, Naina y Figa Flawas, prometiendo una noche llena de ritmo, energ\u00eda y diversi\u00f3n para todos los asistentes.<\/p>\n\n\n\n<p><strong>Accesibilidad para todos<\/strong><\/p>\n\n\n\n<p>Para que la experiencia sea plenamente inclusiva, el festival contar\u00e1 con un punto Music For All, un espacio pensado para ofrecer pr\u00e9stamo de material accesible y asistencia a personas con distintas necesidades. Adem\u00e1s, se llevar\u00e1 a cabo una auditor\u00eda de accesibilidad del evento, revisando accesos, movilidad y servicios, con el objetivo de garantizar que cada asistente pueda disfrutar de la m\u00fasica y del ambiente en igualdad de condiciones.<\/p>\n\n\n\n<p><strong>Compromiso con la cultura inclusiva<\/strong><\/p>\n\n\n\n<p>Con esta colaboraci\u00f3n, el Ayuntamiento de Altea reafirma su compromiso con una cultura participativa y abierta a todos, mientras que la Fundaci\u00f3n Music For All contin\u00faa impulsando experiencias culturales inclusivas, donde la m\u00fasica y la diversi\u00f3n se vivan de manera universal.<\/p>\n\n\n\n<p>M\u00e1s informaci\u00f3n en: <a href=\"http:\/\/www.instagram.com\/fesporrat\">www.instagram.com\/fesporrat<\/a><\/p>\n\n\n\n<p>| ALTEADIGITAL.ES<\/p>\n","protected":false},"excerpt":{"rendered":"<p>S\u00e1bado 4 de octubre, 22:00h en aparcamiento Basseta. El Ayuntamiento de Altea y la Fundaci\u00f3n Music For All colaboran [&hellip;]<\/p>\n","protected":false},"author":1,"featured_media":38145,"comment_status":"open","ping_status":"open","sticky":false,"template":"","format":"standard","meta":{"_expiration-date-status":"","_expiration-date":0,"_expiration-date-type":"","_expiration-date-categories":[],"_expiration-date-options":[],"footnotes":""},"yoast_head":"<!-- This site is optimized with the Yoast SEO plugin v22.8 - https:\/\/yoast.com\/wordpress\/plugins\/seo\/ -->\n<title>El Ayuntamiento de Altea y la Fundaci\u00f3n Music For All se unen para hacer accesible el Fesporrat 2025 - Altea Cultural<\/title>\n<meta name=\"robots\" content=\"index, follow, max-snippet:-1, max-image-preview:large, max-video-preview:-1\" \/>\n<link rel=\"canonical\" href=\"https:\/\/www.alteacultural.com\/es\/2025\/10\/03\/lajuntament-daltea-i-la-fundacio-music-for-all-sunixen-per-a-fer-accessible-el-fesporrat-2025\/\" \/>\n<meta property=\"og:locale\" content=\"es_ES\" \/>\n<meta property=\"og:type\" content=\"article\" \/>\n<meta property=\"og:title\" content=\"El Ayuntamiento de Altea y la Fundaci\u00f3n Music For All se unen para hacer accesible el Fesporrat 2025 - Altea Cultural\" \/>\n<meta property=\"og:description\" content=\"S\u00e1bado 4 de octubre, 22:00h en aparcamiento Basseta. El Ayuntamiento de Altea y la Fundaci\u00f3n Music For All colaboran [&hellip;]\" \/>\n<meta property=\"og:url\" content=\"https:\/\/www.alteacultural.com\/es\/2025\/10\/03\/lajuntament-daltea-i-la-fundacio-music-for-all-sunixen-per-a-fer-accessible-el-fesporrat-2025\/\" \/>\n<meta property=\"og:site_name\" content=\"Altea Cultural\" \/>\n<meta property=\"article:published_time\" content=\"2025-10-03T08:10:55+00:00\" \/>\n<meta property=\"article:modified_time\" content=\"2025-10-06T08:14:55+00:00\" \/>\n<meta property=\"og:image\" content=\"https:\/\/www.alteacultural.com\/wp-content\/uploads\/2025\/10\/Fsporrat-Accessible-web.jpg\" \/>\n\t<meta property=\"og:image:width\" content=\"1028\" \/>\n\t<meta property=\"og:image:height\" content=\"552\" \/>\n\t<meta property=\"og:image:type\" content=\"image\/jpeg\" \/>\n<meta name=\"author\" content=\"sfaltea.com-admin\" \/>\n<meta name=\"twitter:card\" content=\"summary_large_image\" \/>\n<meta name=\"twitter:label1\" content=\"Escrito por\" \/>\n\t<meta name=\"twitter:data1\" content=\"sfaltea.com-admin\" \/>\n\t<meta name=\"twitter:label2\" content=\"Tiempo de lectura\" \/>\n\t<meta name=\"twitter:data2\" content=\"2 minutos\" \/>\n<script type=\"application\/ld+json\" class=\"yoast-schema-graph\">{\"@context\":\"https:\/\/schema.org\",\"@graph\":[{\"@type\":\"WebPage\",\"@id\":\"https:\/\/www.alteacultural.com\/es\/2025\/10\/03\/lajuntament-daltea-i-la-fundacio-music-for-all-sunixen-per-a-fer-accessible-el-fesporrat-2025\/\",\"url\":\"https:\/\/www.alteacultural.com\/es\/2025\/10\/03\/lajuntament-daltea-i-la-fundacio-music-for-all-sunixen-per-a-fer-accessible-el-fesporrat-2025\/\",\"name\":\"El Ayuntamiento de Altea y la Fundaci\u00f3n Music For All se unen para hacer accesible el Fesporrat 2025 - Altea Cultural\",\"isPartOf\":{\"@id\":\"https:\/\/www.alteacultural.com\/es\/#website\"},\"primaryImageOfPage\":{\"@id\":\"https:\/\/www.alteacultural.com\/es\/2025\/10\/03\/lajuntament-daltea-i-la-fundacio-music-for-all-sunixen-per-a-fer-accessible-el-fesporrat-2025\/#primaryimage\"},\"image\":{\"@id\":\"https:\/\/www.alteacultural.com\/es\/2025\/10\/03\/lajuntament-daltea-i-la-fundacio-music-for-all-sunixen-per-a-fer-accessible-el-fesporrat-2025\/#primaryimage\"},\"thumbnailUrl\":\"https:\/\/www.alteacultural.com\/wp-content\/uploads\/2025\/10\/Fsporrat-Accessible-web.jpg\",\"datePublished\":\"2025-10-03T08:10:55+00:00\",\"dateModified\":\"2025-10-06T08:14:55+00:00\",\"author\":{\"@id\":\"https:\/\/www.alteacultural.com\/es\/#\/schema\/person\/c4e137537f1af546d214a315255e5172\"},\"breadcrumb\":{\"@id\":\"https:\/\/www.alteacultural.com\/es\/2025\/10\/03\/lajuntament-daltea-i-la-fundacio-music-for-all-sunixen-per-a-fer-accessible-el-fesporrat-2025\/#breadcrumb\"},\"inLanguage\":\"es\",\"potentialAction\":[{\"@type\":\"ReadAction\",\"target\":[\"https:\/\/www.alteacultural.com\/es\/2025\/10\/03\/lajuntament-daltea-i-la-fundacio-music-for-all-sunixen-per-a-fer-accessible-el-fesporrat-2025\/\"]}]},{\"@type\":\"ImageObject\",\"inLanguage\":\"es\",\"@id\":\"https:\/\/www.alteacultural.com\/es\/2025\/10\/03\/lajuntament-daltea-i-la-fundacio-music-for-all-sunixen-per-a-fer-accessible-el-fesporrat-2025\/#primaryimage\",\"url\":\"https:\/\/www.alteacultural.com\/wp-content\/uploads\/2025\/10\/Fsporrat-Accessible-web.jpg\",\"contentUrl\":\"https:\/\/www.alteacultural.com\/wp-content\/uploads\/2025\/10\/Fsporrat-Accessible-web.jpg\",\"width\":1028,\"height\":552},{\"@type\":\"BreadcrumbList\",\"@id\":\"https:\/\/www.alteacultural.com\/es\/2025\/10\/03\/lajuntament-daltea-i-la-fundacio-music-for-all-sunixen-per-a-fer-accessible-el-fesporrat-2025\/#breadcrumb\",\"itemListElement\":[{\"@type\":\"ListItem\",\"position\":1,\"name\":\"Inici\",\"item\":\"https:\/\/www.alteacultural.com\/es\/\"},{\"@type\":\"ListItem\",\"position\":2,\"name\":\"El Ayuntamiento de Altea y la Fundaci\u00f3n Music For All se unen para hacer accesible el Fesporrat 2025\"}]},{\"@type\":\"WebSite\",\"@id\":\"https:\/\/www.alteacultural.com\/es\/#website\",\"url\":\"https:\/\/www.alteacultural.com\/es\/\",\"name\":\"Altea Cultural\",\"description\":\"Regidoria de Cultura de l&#039;Ajuntament d&#039;Altea\",\"potentialAction\":[{\"@type\":\"SearchAction\",\"target\":{\"@type\":\"EntryPoint\",\"urlTemplate\":\"https:\/\/www.alteacultural.com\/es\/?s={search_term_string}\"},\"query-input\":\"required name=search_term_string\"}],\"inLanguage\":\"es\"},{\"@type\":\"Person\",\"@id\":\"https:\/\/www.alteacultural.com\/es\/#\/schema\/person\/c4e137537f1af546d214a315255e5172\",\"name\":\"sfaltea.com-admin\",\"image\":{\"@type\":\"ImageObject\",\"inLanguage\":\"es\",\"@id\":\"https:\/\/www.alteacultural.com\/es\/#\/schema\/person\/image\/\",\"url\":\"https:\/\/secure.gravatar.com\/avatar\/f7473fa2fbd351270ccfd469de536202?s=96&d=mm&r=g\",\"contentUrl\":\"https:\/\/secure.gravatar.com\/avatar\/f7473fa2fbd351270ccfd469de536202?s=96&d=mm&r=g\",\"caption\":\"sfaltea.com-admin\"},\"url\":\"https:\/\/www.alteacultural.com\/es\/author\/sfaltea-com-admin\/\"}]}<\/script>\n<!-- \/ Yoast SEO plugin. -->","yoast_head_json":{"title":"El Ayuntamiento de Altea y la Fundaci\u00f3n Music For All se unen para hacer accesible el Fesporrat 2025 - Altea Cultural","robots":{"index":"index","follow":"follow","max-snippet":"max-snippet:-1","max-image-preview":"max-image-preview:large","max-video-preview":"max-video-preview:-1"},"canonical":"https:\/\/www.alteacultural.com\/es\/2025\/10\/03\/lajuntament-daltea-i-la-fundacio-music-for-all-sunixen-per-a-fer-accessible-el-fesporrat-2025\/","og_locale":"es_ES","og_type":"article","og_title":"El Ayuntamiento de Altea y la Fundaci\u00f3n Music For All se unen para hacer accesible el Fesporrat 2025 - Altea Cultural","og_description":"S\u00e1bado 4 de octubre, 22:00h en aparcamiento Basseta. El Ayuntamiento de Altea y la Fundaci\u00f3n Music For All colaboran [&hellip;]","og_url":"https:\/\/www.alteacultural.com\/es\/2025\/10\/03\/lajuntament-daltea-i-la-fundacio-music-for-all-sunixen-per-a-fer-accessible-el-fesporrat-2025\/","og_site_name":"Altea Cultural","article_published_time":"2025-10-03T08:10:55+00:00","article_modified_time":"2025-10-06T08:14:55+00:00","og_image":[{"width":1028,"height":552,"url":"https:\/\/www.alteacultural.com\/wp-content\/uploads\/2025\/10\/Fsporrat-Accessible-web.jpg","type":"image\/jpeg"}],"author":"sfaltea.com-admin","twitter_card":"summary_large_image","twitter_misc":{"Escrito por":"sfaltea.com-admin","Tiempo de lectura":"2 minutos"},"schema":{"@context":"https:\/\/schema.org","@graph":[{"@type":"WebPage","@id":"https:\/\/www.alteacultural.com\/es\/2025\/10\/03\/lajuntament-daltea-i-la-fundacio-music-for-all-sunixen-per-a-fer-accessible-el-fesporrat-2025\/","url":"https:\/\/www.alteacultural.com\/es\/2025\/10\/03\/lajuntament-daltea-i-la-fundacio-music-for-all-sunixen-per-a-fer-accessible-el-fesporrat-2025\/","name":"El Ayuntamiento de Altea y la Fundaci\u00f3n Music For All se unen para hacer accesible el Fesporrat 2025 - Altea Cultural","isPartOf":{"@id":"https:\/\/www.alteacultural.com\/es\/#website"},"primaryImageOfPage":{"@id":"https:\/\/www.alteacultural.com\/es\/2025\/10\/03\/lajuntament-daltea-i-la-fundacio-music-for-all-sunixen-per-a-fer-accessible-el-fesporrat-2025\/#primaryimage"},"image":{"@id":"https:\/\/www.alteacultural.com\/es\/2025\/10\/03\/lajuntament-daltea-i-la-fundacio-music-for-all-sunixen-per-a-fer-accessible-el-fesporrat-2025\/#primaryimage"},"thumbnailUrl":"https:\/\/www.alteacultural.com\/wp-content\/uploads\/2025\/10\/Fsporrat-Accessible-web.jpg","datePublished":"2025-10-03T08:10:55+00:00","dateModified":"2025-10-06T08:14:55+00:00","author":{"@id":"https:\/\/www.alteacultural.com\/es\/#\/schema\/person\/c4e137537f1af546d214a315255e5172"},"breadcrumb":{"@id":"https:\/\/www.alteacultural.com\/es\/2025\/10\/03\/lajuntament-daltea-i-la-fundacio-music-for-all-sunixen-per-a-fer-accessible-el-fesporrat-2025\/#breadcrumb"},"inLanguage":"es","potentialAction":[{"@type":"ReadAction","target":["https:\/\/www.alteacultural.com\/es\/2025\/10\/03\/lajuntament-daltea-i-la-fundacio-music-for-all-sunixen-per-a-fer-accessible-el-fesporrat-2025\/"]}]},{"@type":"ImageObject","inLanguage":"es","@id":"https:\/\/www.alteacultural.com\/es\/2025\/10\/03\/lajuntament-daltea-i-la-fundacio-music-for-all-sunixen-per-a-fer-accessible-el-fesporrat-2025\/#primaryimage","url":"https:\/\/www.alteacultural.com\/wp-content\/uploads\/2025\/10\/Fsporrat-Accessible-web.jpg","contentUrl":"https:\/\/www.alteacultural.com\/wp-content\/uploads\/2025\/10\/Fsporrat-Accessible-web.jpg","width":1028,"height":552},{"@type":"BreadcrumbList","@id":"https:\/\/www.alteacultural.com\/es\/2025\/10\/03\/lajuntament-daltea-i-la-fundacio-music-for-all-sunixen-per-a-fer-accessible-el-fesporrat-2025\/#breadcrumb","itemListElement":[{"@type":"ListItem","position":1,"name":"Inici","item":"https:\/\/www.alteacultural.com\/es\/"},{"@type":"ListItem","position":2,"name":"El Ayuntamiento de Altea y la Fundaci\u00f3n Music For All se unen para hacer accesible el Fesporrat 2025"}]},{"@type":"WebSite","@id":"https:\/\/www.alteacultural.com\/es\/#website","url":"https:\/\/www.alteacultural.com\/es\/","name":"Altea Cultural","description":"Regidoria de Cultura de l&#039;Ajuntament d&#039;Altea","potentialAction":[{"@type":"SearchAction","target":{"@type":"EntryPoint","urlTemplate":"https:\/\/www.alteacultural.com\/es\/?s={search_term_string}"},"query-input":"required name=search_term_string"}],"inLanguage":"es"},{"@type":"Person","@id":"https:\/\/www.alteacultural.com\/es\/#\/schema\/person\/c4e137537f1af546d214a315255e5172","name":"sfaltea.com-admin","image":{"@type":"ImageObject","inLanguage":"es","@id":"https:\/\/www.alteacultural.com\/es\/#\/schema\/person\/image\/","url":"https:\/\/secure.gravatar.com\/avatar\/f7473fa2fbd351270ccfd469de536202?s=96&d=mm&r=g","contentUrl":"https:\/\/secure.gravatar.com\/avatar\/f7473fa2fbd351270ccfd469de536202?s=96&d=mm&r=g","caption":"sfaltea.com-admin"},"url":"https:\/\/www.alteacultural.com\/es\/author\/sfaltea-com-admin\/"}]}},"_links":{"self":[{"href":"https:\/\/www.alteacultural.com\/es\/wp-json\/wp\/v2\/posts\/38147"}],"collection":[{"href":"https:\/\/www.alteacultural.com\/es\/wp-json\/wp\/v2\/posts"}],"about":[{"href":"https:\/\/www.alteacultural.com\/es\/wp-json\/wp\/v2\/types\/post"}],"author":[{"embeddable":true,"href":"https:\/\/www.alteacultural.com\/es\/wp-json\/wp\/v2\/users\/1"}],"replies":[{"embeddable":true,"href":"https:\/\/www.alteacultural.com\/es\/wp-json\/wp\/v2\/comments?post=38147"}],"version-history":[{"count":1,"href":"https:\/\/www.alteacultural.com\/es\/wp-json\/wp\/v2\/posts\/38147\/revisions"}],"predecessor-version":[{"id":38149,"href":"https:\/\/www.alteacultural.com\/es\/wp-json\/wp\/v2\/posts\/38147\/revisions\/38149"}],"wp:featuredmedia":[{"embeddable":true,"href":"https:\/\/www.alteacultural.com\/es\/wp-json\/wp\/v2\/media\/38145"}],"wp:attachment":[{"href":"https:\/\/www.alteacultural.com\/es\/wp-json\/wp\/v2\/media?parent=38147"}],"curies":[{"name":"wp","href":"https:\/\/api.w.org\/{rel}","templated":true}]}}