{"id":38371,"date":"2025-10-13T14:08:30","date_gmt":"2025-10-13T12:08:30","guid":{"rendered":"https:\/\/www.alteacultural.com\/2025\/10\/13\/altea-celebra-el-festival-de-musica-antiga-i-barroca-2025-amb-dos-concerts-a-lesglesia-de-sant-francesc\/"},"modified":"2025-10-23T14:14:26","modified_gmt":"2025-10-23T12:14:26","slug":"altea-celebra-el-festival-de-musica-antiga-i-barroca-2025-amb-dos-concerts-a-lesglesia-de-sant-francesc","status":"publish","type":"post","link":"https:\/\/www.alteacultural.com\/es\/2025\/10\/13\/altea-celebra-el-festival-de-musica-antiga-i-barroca-2025-amb-dos-concerts-a-lesglesia-de-sant-francesc\/","title":{"rendered":"Altea celebra el \u201cFestival de M\u00fasica Antigua y Barroca 2025\u201d con dos conciertos en la Iglesia de San Francisco"},"content":{"rendered":"\n<figure class=\"wp-block-image size-full\"><img fetchpriority=\"high\" decoding=\"async\" width=\"1810\" height=\"2560\" src=\"https:\/\/www.alteacultural.com\/wp-content\/uploads\/2025\/10\/FestivalMusicaAntigaBarroca_Altea2025_Cartell-01-scaled.jpg\" alt=\"\" class=\"wp-image-38169\" srcset=\"https:\/\/www.alteacultural.com\/wp-content\/uploads\/2025\/10\/FestivalMusicaAntigaBarroca_Altea2025_Cartell-01-scaled.jpg 1810w, https:\/\/www.alteacultural.com\/wp-content\/uploads\/2025\/10\/FestivalMusicaAntigaBarroca_Altea2025_Cartell-01-768x1086.jpg 768w, https:\/\/www.alteacultural.com\/wp-content\/uploads\/2025\/10\/FestivalMusicaAntigaBarroca_Altea2025_Cartell-01-1086x1536.jpg 1086w, https:\/\/www.alteacultural.com\/wp-content\/uploads\/2025\/10\/FestivalMusicaAntigaBarroca_Altea2025_Cartell-01-1448x2048.jpg 1448w\" sizes=\"(max-width: 1810px) 100vw, 1810px\" \/><\/figure>\n\n\n\n<p>Esta tarde comienza el festival con Barroco Project y la actuaci\u00f3n de Saray Garc\u00eda, Jos\u00e9 Duce y Pedro Vicente<\/p>\n\n\n\n<p>El Ayuntamiento de Altea, a trav\u00e9s de la Concejal\u00eda de Cultura, presenta una nueva edici\u00f3n del \u201cFestival de M\u00fasica Antigua y Barroca de Altea 2025\u201d, una cita que se ha consolidado en el calendario cultural del municipio como un espacio de encuentro entre el patrimonio musical y la excelencia.<\/p>\n\n\n\n<p>Este a\u00f1o, el festival tendr\u00e1 lugar en la Iglesia de San Francisco de Altea y contar\u00e1 con dos conciertos destacados, protagonizados por reconocidas formaciones del panorama de la m\u00fasica antigua. El objetivo del certamen es acercar al p\u00fablico y que visite la riqueza de la m\u00fasica barroca y cl\u00e1sica mediante propuestas de gran calidad art\u00edstica.<\/p>\n\n\n\n<p>Esta iniciativa se enmarca dentro del compromiso de la Concejal\u00eda de Cultura por promover una oferta cultural estable y diversa, que d\u00e9 cabida a diferentes disciplinas y sensibilidades art\u00edsticas. El festival es posible gracias al apoyo de la Conselleria de Cultura, mediante el Instituto Valenciano de Cultura (IVC), que financia ambos conciertos incluidos dentro del Circuit Valenci\u00e0 de Cultura.<\/p>\n\n\n\n<p>Programa del festival:<\/p>\n\n\n\n<p>Viernes, 10 de octubre \u2013 20.00 horas<\/p>\n\n\n\n<p>Iglesia de San Francisco, Altea<\/p>\n\n\n\n<p>Barroco Project con Saray Garc\u00eda, Jos\u00e9 Duce y Pedro Vicente<\/p>\n\n\n\n<p>El tr\u00edo ofrecer\u00e1 un viaje musical a trav\u00e9s de las grandes obras del per\u00edodo barroco, con un programa que combina sensibilidad, rigor hist\u00f3rico y virtuosismo interpretativo. Los tres m\u00fasicos, con una trayectoria reconocida en el \u00e1mbito de la m\u00fasica antigua, invitar\u00e1n al p\u00fablico a redescubrir la belleza y emoci\u00f3n de este estilo.<\/p>\n\n\n\n<p>S\u00e1bado, 18 de octubre \u2013 20.00 h<\/p>\n\n\n\n<p>Iglesia de San Francisco, Altea<\/p>\n\n\n\n<p>Camerata Aitana \u2013 \u201cSacro\u201d<\/p>\n\n\n\n<p>El conjunto ofrecer\u00e1 un programa dedicado al repertorio sacro barroco, con obras que reflejan la intensidad espiritual y la riqueza expresiva del per\u00edodo. Con una esmerada interpretaci\u00f3n y una propuesta esc\u00e9nica intimista, Camerata Aitana promete una experiencia musical profunda y emotiva.<\/p>\n\n\n\n<p>La entrada en ambos conciertos es libre y gratuita, limitada al aforo de la iglesia.<\/p>\n\n\n\n<p>La concejala de Cultura, Pepa P\u00e9rez, ha destacado que \u00abcon este festival consolidamos una oferta cultural de calidad y continuada en nuestro municipio. Gracias a la colaboraci\u00f3n del Instituto Valenciano de Cultura, podemos llevar hasta Altea proyectos musicales de primer nivel dentro del Circuito Valenciano de Cultura, que enriquecen la vida cultural y fomentan la participaci\u00f3n ciudadana\u00bb.<\/p>\n\n\n\n<p>El Festival de M\u00fasica Antigua y Barroca de Altea contin\u00faa as\u00ed su andadura de crecimiento y consolidaci\u00f3n, reafirm\u00e1ndose como una de las iniciativas m\u00e1s valiosas dentro de la programaci\u00f3n cultural de oto\u00f1o del municipio.<\/p>\n\n\n\n<figure class=\"wp-block-image size-full\"><img fetchpriority=\"high\" decoding=\"async\" width=\"1810\" height=\"2560\" src=\"https:\/\/www.alteacultural.com\/wp-content\/uploads\/2025\/10\/FestivalMusicaAntigaBarroca_Altea2025_Cartell-01-scaled.jpg\" alt=\"\" class=\"wp-image-38169\" srcset=\"https:\/\/www.alteacultural.com\/wp-content\/uploads\/2025\/10\/FestivalMusicaAntigaBarroca_Altea2025_Cartell-01-scaled.jpg 1810w, https:\/\/www.alteacultural.com\/wp-content\/uploads\/2025\/10\/FestivalMusicaAntigaBarroca_Altea2025_Cartell-01-768x1086.jpg 768w, https:\/\/www.alteacultural.com\/wp-content\/uploads\/2025\/10\/FestivalMusicaAntigaBarroca_Altea2025_Cartell-01-1086x1536.jpg 1086w, https:\/\/www.alteacultural.com\/wp-content\/uploads\/2025\/10\/FestivalMusicaAntigaBarroca_Altea2025_Cartell-01-1448x2048.jpg 1448w\" sizes=\"(max-width: 1810px) 100vw, 1810px\" \/><\/figure>\n\n\n\n<p>| ALTEADIGITAL.ES<\/p>\n","protected":false},"excerpt":{"rendered":"<p>Esta tarde comienza el festival con Barroco Project y la actuaci\u00f3n de Saray Garc\u00eda, Jos\u00e9 Duce y Pedro Vicente [&hellip;]<\/p>\n","protected":false},"author":1,"featured_media":38170,"comment_status":"open","ping_status":"open","sticky":false,"template":"","format":"standard","meta":{"_expiration-date-status":"","_expiration-date":0,"_expiration-date-type":"","_expiration-date-categories":[],"_expiration-date-options":[],"footnotes":""},"yoast_head":"<!-- This site is optimized with the Yoast SEO plugin v22.8 - https:\/\/yoast.com\/wordpress\/plugins\/seo\/ -->\n<title>Altea celebra el \u201cFestival de M\u00fasica Antigua y Barroca 2025\u201d con dos conciertos en la Iglesia de San Francisco - Altea Cultural<\/title>\n<meta name=\"robots\" content=\"index, follow, max-snippet:-1, max-image-preview:large, max-video-preview:-1\" \/>\n<link rel=\"canonical\" href=\"https:\/\/www.alteacultural.com\/es\/2025\/10\/13\/altea-celebra-el-festival-de-musica-antiga-i-barroca-2025-amb-dos-concerts-a-lesglesia-de-sant-francesc\/\" \/>\n<meta property=\"og:locale\" content=\"es_ES\" \/>\n<meta property=\"og:type\" content=\"article\" \/>\n<meta property=\"og:title\" content=\"Altea celebra el \u201cFestival de M\u00fasica Antigua y Barroca 2025\u201d con dos conciertos en la Iglesia de San Francisco - Altea Cultural\" \/>\n<meta property=\"og:description\" content=\"Esta tarde comienza el festival con Barroco Project y la actuaci\u00f3n de Saray Garc\u00eda, Jos\u00e9 Duce y Pedro Vicente [&hellip;]\" \/>\n<meta property=\"og:url\" content=\"https:\/\/www.alteacultural.com\/es\/2025\/10\/13\/altea-celebra-el-festival-de-musica-antiga-i-barroca-2025-amb-dos-concerts-a-lesglesia-de-sant-francesc\/\" \/>\n<meta property=\"og:site_name\" content=\"Altea Cultural\" \/>\n<meta property=\"article:published_time\" content=\"2025-10-13T12:08:30+00:00\" \/>\n<meta property=\"article:modified_time\" content=\"2025-10-23T12:14:26+00:00\" \/>\n<meta property=\"og:image\" content=\"https:\/\/www.alteacultural.com\/wp-content\/uploads\/2025\/10\/FestivalMusicaAntigaBarroca_Altea2025_Cartell-01-scaled.jpg\" \/>\n<meta name=\"author\" content=\"sfaltea.com-admin\" \/>\n<meta name=\"twitter:card\" content=\"summary_large_image\" \/>\n<meta name=\"twitter:label1\" content=\"Escrito por\" \/>\n\t<meta name=\"twitter:data1\" content=\"sfaltea.com-admin\" \/>\n\t<meta name=\"twitter:label2\" content=\"Tiempo de lectura\" \/>\n\t<meta name=\"twitter:data2\" content=\"3 minutos\" \/>\n<script type=\"application\/ld+json\" class=\"yoast-schema-graph\">{\"@context\":\"https:\/\/schema.org\",\"@graph\":[{\"@type\":\"WebPage\",\"@id\":\"https:\/\/www.alteacultural.com\/es\/2025\/10\/13\/altea-celebra-el-festival-de-musica-antiga-i-barroca-2025-amb-dos-concerts-a-lesglesia-de-sant-francesc\/\",\"url\":\"https:\/\/www.alteacultural.com\/es\/2025\/10\/13\/altea-celebra-el-festival-de-musica-antiga-i-barroca-2025-amb-dos-concerts-a-lesglesia-de-sant-francesc\/\",\"name\":\"Altea celebra el \u201cFestival de M\u00fasica Antigua y Barroca 2025\u201d con dos conciertos en la Iglesia de San Francisco - Altea Cultural\",\"isPartOf\":{\"@id\":\"https:\/\/www.alteacultural.com\/es\/#website\"},\"primaryImageOfPage\":{\"@id\":\"https:\/\/www.alteacultural.com\/es\/2025\/10\/13\/altea-celebra-el-festival-de-musica-antiga-i-barroca-2025-amb-dos-concerts-a-lesglesia-de-sant-francesc\/#primaryimage\"},\"image\":{\"@id\":\"https:\/\/www.alteacultural.com\/es\/2025\/10\/13\/altea-celebra-el-festival-de-musica-antiga-i-barroca-2025-amb-dos-concerts-a-lesglesia-de-sant-francesc\/#primaryimage\"},\"thumbnailUrl\":\"https:\/\/www.alteacultural.com\/wp-content\/uploads\/2025\/10\/FestivalMusicaAntigaBarroca_Altea2025_Cartell-01-scaled.jpg\",\"datePublished\":\"2025-10-13T12:08:30+00:00\",\"dateModified\":\"2025-10-23T12:14:26+00:00\",\"author\":{\"@id\":\"https:\/\/www.alteacultural.com\/es\/#\/schema\/person\/c4e137537f1af546d214a315255e5172\"},\"breadcrumb\":{\"@id\":\"https:\/\/www.alteacultural.com\/es\/2025\/10\/13\/altea-celebra-el-festival-de-musica-antiga-i-barroca-2025-amb-dos-concerts-a-lesglesia-de-sant-francesc\/#breadcrumb\"},\"inLanguage\":\"es\",\"potentialAction\":[{\"@type\":\"ReadAction\",\"target\":[\"https:\/\/www.alteacultural.com\/es\/2025\/10\/13\/altea-celebra-el-festival-de-musica-antiga-i-barroca-2025-amb-dos-concerts-a-lesglesia-de-sant-francesc\/\"]}]},{\"@type\":\"ImageObject\",\"inLanguage\":\"es\",\"@id\":\"https:\/\/www.alteacultural.com\/es\/2025\/10\/13\/altea-celebra-el-festival-de-musica-antiga-i-barroca-2025-amb-dos-concerts-a-lesglesia-de-sant-francesc\/#primaryimage\",\"url\":\"https:\/\/www.alteacultural.com\/wp-content\/uploads\/2025\/10\/FestivalMusicaAntigaBarroca_Altea2025_Cartell-01-scaled.jpg\",\"contentUrl\":\"https:\/\/www.alteacultural.com\/wp-content\/uploads\/2025\/10\/FestivalMusicaAntigaBarroca_Altea2025_Cartell-01-scaled.jpg\",\"width\":1810,\"height\":2560},{\"@type\":\"BreadcrumbList\",\"@id\":\"https:\/\/www.alteacultural.com\/es\/2025\/10\/13\/altea-celebra-el-festival-de-musica-antiga-i-barroca-2025-amb-dos-concerts-a-lesglesia-de-sant-francesc\/#breadcrumb\",\"itemListElement\":[{\"@type\":\"ListItem\",\"position\":1,\"name\":\"Inici\",\"item\":\"https:\/\/www.alteacultural.com\/es\/\"},{\"@type\":\"ListItem\",\"position\":2,\"name\":\"Altea celebra el \u201cFestival de M\u00fasica Antigua y Barroca 2025\u201d con dos conciertos en la Iglesia de San Francisco\"}]},{\"@type\":\"WebSite\",\"@id\":\"https:\/\/www.alteacultural.com\/es\/#website\",\"url\":\"https:\/\/www.alteacultural.com\/es\/\",\"name\":\"Altea Cultural\",\"description\":\"Regidoria de Cultura de l&#039;Ajuntament d&#039;Altea\",\"potentialAction\":[{\"@type\":\"SearchAction\",\"target\":{\"@type\":\"EntryPoint\",\"urlTemplate\":\"https:\/\/www.alteacultural.com\/es\/?s={search_term_string}\"},\"query-input\":\"required name=search_term_string\"}],\"inLanguage\":\"es\"},{\"@type\":\"Person\",\"@id\":\"https:\/\/www.alteacultural.com\/es\/#\/schema\/person\/c4e137537f1af546d214a315255e5172\",\"name\":\"sfaltea.com-admin\",\"image\":{\"@type\":\"ImageObject\",\"inLanguage\":\"es\",\"@id\":\"https:\/\/www.alteacultural.com\/es\/#\/schema\/person\/image\/\",\"url\":\"https:\/\/secure.gravatar.com\/avatar\/f7473fa2fbd351270ccfd469de536202?s=96&d=mm&r=g\",\"contentUrl\":\"https:\/\/secure.gravatar.com\/avatar\/f7473fa2fbd351270ccfd469de536202?s=96&d=mm&r=g\",\"caption\":\"sfaltea.com-admin\"},\"url\":\"https:\/\/www.alteacultural.com\/es\/author\/sfaltea-com-admin\/\"}]}<\/script>\n<!-- \/ Yoast SEO plugin. -->","yoast_head_json":{"title":"Altea celebra el \u201cFestival de M\u00fasica Antigua y Barroca 2025\u201d con dos conciertos en la Iglesia de San Francisco - Altea Cultural","robots":{"index":"index","follow":"follow","max-snippet":"max-snippet:-1","max-image-preview":"max-image-preview:large","max-video-preview":"max-video-preview:-1"},"canonical":"https:\/\/www.alteacultural.com\/es\/2025\/10\/13\/altea-celebra-el-festival-de-musica-antiga-i-barroca-2025-amb-dos-concerts-a-lesglesia-de-sant-francesc\/","og_locale":"es_ES","og_type":"article","og_title":"Altea celebra el \u201cFestival de M\u00fasica Antigua y Barroca 2025\u201d con dos conciertos en la Iglesia de San Francisco - Altea Cultural","og_description":"Esta tarde comienza el festival con Barroco Project y la actuaci\u00f3n de Saray Garc\u00eda, Jos\u00e9 Duce y Pedro Vicente [&hellip;]","og_url":"https:\/\/www.alteacultural.com\/es\/2025\/10\/13\/altea-celebra-el-festival-de-musica-antiga-i-barroca-2025-amb-dos-concerts-a-lesglesia-de-sant-francesc\/","og_site_name":"Altea Cultural","article_published_time":"2025-10-13T12:08:30+00:00","article_modified_time":"2025-10-23T12:14:26+00:00","og_image":[{"url":"https:\/\/www.alteacultural.com\/wp-content\/uploads\/2025\/10\/FestivalMusicaAntigaBarroca_Altea2025_Cartell-01-scaled.jpg"}],"author":"sfaltea.com-admin","twitter_card":"summary_large_image","twitter_misc":{"Escrito por":"sfaltea.com-admin","Tiempo de lectura":"3 minutos"},"schema":{"@context":"https:\/\/schema.org","@graph":[{"@type":"WebPage","@id":"https:\/\/www.alteacultural.com\/es\/2025\/10\/13\/altea-celebra-el-festival-de-musica-antiga-i-barroca-2025-amb-dos-concerts-a-lesglesia-de-sant-francesc\/","url":"https:\/\/www.alteacultural.com\/es\/2025\/10\/13\/altea-celebra-el-festival-de-musica-antiga-i-barroca-2025-amb-dos-concerts-a-lesglesia-de-sant-francesc\/","name":"Altea celebra el \u201cFestival de M\u00fasica Antigua y Barroca 2025\u201d con dos conciertos en la Iglesia de San Francisco - Altea Cultural","isPartOf":{"@id":"https:\/\/www.alteacultural.com\/es\/#website"},"primaryImageOfPage":{"@id":"https:\/\/www.alteacultural.com\/es\/2025\/10\/13\/altea-celebra-el-festival-de-musica-antiga-i-barroca-2025-amb-dos-concerts-a-lesglesia-de-sant-francesc\/#primaryimage"},"image":{"@id":"https:\/\/www.alteacultural.com\/es\/2025\/10\/13\/altea-celebra-el-festival-de-musica-antiga-i-barroca-2025-amb-dos-concerts-a-lesglesia-de-sant-francesc\/#primaryimage"},"thumbnailUrl":"https:\/\/www.alteacultural.com\/wp-content\/uploads\/2025\/10\/FestivalMusicaAntigaBarroca_Altea2025_Cartell-01-scaled.jpg","datePublished":"2025-10-13T12:08:30+00:00","dateModified":"2025-10-23T12:14:26+00:00","author":{"@id":"https:\/\/www.alteacultural.com\/es\/#\/schema\/person\/c4e137537f1af546d214a315255e5172"},"breadcrumb":{"@id":"https:\/\/www.alteacultural.com\/es\/2025\/10\/13\/altea-celebra-el-festival-de-musica-antiga-i-barroca-2025-amb-dos-concerts-a-lesglesia-de-sant-francesc\/#breadcrumb"},"inLanguage":"es","potentialAction":[{"@type":"ReadAction","target":["https:\/\/www.alteacultural.com\/es\/2025\/10\/13\/altea-celebra-el-festival-de-musica-antiga-i-barroca-2025-amb-dos-concerts-a-lesglesia-de-sant-francesc\/"]}]},{"@type":"ImageObject","inLanguage":"es","@id":"https:\/\/www.alteacultural.com\/es\/2025\/10\/13\/altea-celebra-el-festival-de-musica-antiga-i-barroca-2025-amb-dos-concerts-a-lesglesia-de-sant-francesc\/#primaryimage","url":"https:\/\/www.alteacultural.com\/wp-content\/uploads\/2025\/10\/FestivalMusicaAntigaBarroca_Altea2025_Cartell-01-scaled.jpg","contentUrl":"https:\/\/www.alteacultural.com\/wp-content\/uploads\/2025\/10\/FestivalMusicaAntigaBarroca_Altea2025_Cartell-01-scaled.jpg","width":1810,"height":2560},{"@type":"BreadcrumbList","@id":"https:\/\/www.alteacultural.com\/es\/2025\/10\/13\/altea-celebra-el-festival-de-musica-antiga-i-barroca-2025-amb-dos-concerts-a-lesglesia-de-sant-francesc\/#breadcrumb","itemListElement":[{"@type":"ListItem","position":1,"name":"Inici","item":"https:\/\/www.alteacultural.com\/es\/"},{"@type":"ListItem","position":2,"name":"Altea celebra el \u201cFestival de M\u00fasica Antigua y Barroca 2025\u201d con dos conciertos en la Iglesia de San Francisco"}]},{"@type":"WebSite","@id":"https:\/\/www.alteacultural.com\/es\/#website","url":"https:\/\/www.alteacultural.com\/es\/","name":"Altea Cultural","description":"Regidoria de Cultura de l&#039;Ajuntament d&#039;Altea","potentialAction":[{"@type":"SearchAction","target":{"@type":"EntryPoint","urlTemplate":"https:\/\/www.alteacultural.com\/es\/?s={search_term_string}"},"query-input":"required name=search_term_string"}],"inLanguage":"es"},{"@type":"Person","@id":"https:\/\/www.alteacultural.com\/es\/#\/schema\/person\/c4e137537f1af546d214a315255e5172","name":"sfaltea.com-admin","image":{"@type":"ImageObject","inLanguage":"es","@id":"https:\/\/www.alteacultural.com\/es\/#\/schema\/person\/image\/","url":"https:\/\/secure.gravatar.com\/avatar\/f7473fa2fbd351270ccfd469de536202?s=96&d=mm&r=g","contentUrl":"https:\/\/secure.gravatar.com\/avatar\/f7473fa2fbd351270ccfd469de536202?s=96&d=mm&r=g","caption":"sfaltea.com-admin"},"url":"https:\/\/www.alteacultural.com\/es\/author\/sfaltea-com-admin\/"}]}},"_links":{"self":[{"href":"https:\/\/www.alteacultural.com\/es\/wp-json\/wp\/v2\/posts\/38371"}],"collection":[{"href":"https:\/\/www.alteacultural.com\/es\/wp-json\/wp\/v2\/posts"}],"about":[{"href":"https:\/\/www.alteacultural.com\/es\/wp-json\/wp\/v2\/types\/post"}],"author":[{"embeddable":true,"href":"https:\/\/www.alteacultural.com\/es\/wp-json\/wp\/v2\/users\/1"}],"replies":[{"embeddable":true,"href":"https:\/\/www.alteacultural.com\/es\/wp-json\/wp\/v2\/comments?post=38371"}],"version-history":[{"count":1,"href":"https:\/\/www.alteacultural.com\/es\/wp-json\/wp\/v2\/posts\/38371\/revisions"}],"predecessor-version":[{"id":38373,"href":"https:\/\/www.alteacultural.com\/es\/wp-json\/wp\/v2\/posts\/38371\/revisions\/38373"}],"wp:featuredmedia":[{"embeddable":true,"href":"https:\/\/www.alteacultural.com\/es\/wp-json\/wp\/v2\/media\/38170"}],"wp:attachment":[{"href":"https:\/\/www.alteacultural.com\/es\/wp-json\/wp\/v2\/media?parent=38371"}],"curies":[{"name":"wp","href":"https:\/\/api.w.org\/{rel}","templated":true}]}}