{"id":38378,"date":"2025-10-14T14:17:15","date_gmt":"2025-10-14T12:17:15","guid":{"rendered":"https:\/\/www.alteacultural.com\/2025\/10\/23\/altea-felicita-a-antonio-serrano-premi-nacional-de-les-musiques-actuals-2025\/"},"modified":"2025-10-23T14:19:45","modified_gmt":"2025-10-23T12:19:45","slug":"altea-felicita-a-antonio-serrano-premi-nacional-de-les-musiques-actuals-2025","status":"publish","type":"post","link":"https:\/\/www.alteacultural.com\/es\/2025\/10\/14\/altea-felicita-a-antonio-serrano-premi-nacional-de-les-musiques-actuals-2025\/","title":{"rendered":"Altea felicita a Antonio Serrano, Premio Nacional de las M\u00fasicas Actuales 2025"},"content":{"rendered":"\n<figure class=\"wp-block-image size-full is-resized\"><img fetchpriority=\"high\" decoding=\"async\" width=\"400\" height=\"503\" src=\"https:\/\/www.alteacultural.com\/wp-content\/uploads\/2025\/10\/Antonio-Serrano-en-Altea-2022.jpg\" alt=\"\" class=\"wp-image-38375\" style=\"width:840px;height:auto\"\/><\/figure>\n\n\n\n<p><strong>El galard\u00f3n, concedido por el Ministerio de Cultura, est\u00e1 dotado con 30.000\u20ac.<\/strong><\/p>\n\n\n\n<p>El Ministerio de Cultura, a trav\u00e9s del Instituto Nacional de las Artes Esc\u00e9nicas y de la M\u00fasica (INAEM), ha concedido el Premio Nacional de M\u00fasicas Actuales 2025 al armonicista alteano Antonio Serrano; al que el municipio de Altea felicita a trav\u00e9s de su Corporaci\u00f3n Municipal y del propio alcalde, Diego Zaragoz\u00ed.<\/p>\n\n\n\n<p>En palabras del primer edil alteano, \u201ces una alegr\u00eda y gran honor para Altea el que un m\u00fasico al que consideramos alteano haya sido reconocido con tan prestigioso galard\u00f3n\u201d.<\/p>\n\n\n\n<p>\u201cEn Altea tenemos la gran suerte de poder disfrutar del talento de Antonio Serrano en numerosas ocasiones; sin ir m\u00e1s lejos el 20 de julio pasado actuaba en el Altea Blues Festival con el proyecto \u201cAntonio Serrano &amp; Kaele Jim\u00e9nez\u201d con una fusi\u00f3n de Blues, Jazz y m\u00fasica flamenca y fue excepcional\u201d; ha recordado Zaragoz\u00ed.<\/p>\n\n\n\n<p>Seg\u00fan ha adelantado el Alcalde, \u201cAltea quiere reconocer p\u00fablicamente la trayectoria musical de Antonio Serrano y los premios alcanzados, por ello estamos en conversaciones con \u00e9l para fijar una fecha y hacerle ese homenaje que tanto se merece\u201d.<\/p>\n\n\n\n<p>Para el jurado del Premio Nacional de las M\u00fasicas Actuales ha sido determinante la excelencia y originalidad de sus trabajos \u201cFlamenco Messengers\u201d y \u201cPorter&amp; Gershwin\u201d, ambos de 2024, y subraya que Serrano \u201cha situado a la arm\u00f3nica crom\u00e1tica en niveles de creatividad y proyecci\u00f3n fuera de lo habitual\u201d. De ah\u00ed que haya decidido conceder este premio anual a Antonio Serrano \u201cpor su contribuci\u00f3n a g\u00e9neros tan diferentes como el flamenco, el jazz, el folk, el pop y la m\u00fasica cl\u00e1sica, a trav\u00e9s de la excelencia y la originalidad como armonicista, lo cual ha demostrado en destacados proyectos\u201d. Como int\u00e9rprete, compositor y arreglista, destaca la motivaci\u00f3n del jurado, \u201cha situado a la arm\u00f3nica crom\u00e1tica en niveles de creatividad y proyecci\u00f3n fuera de lo habitual, formando parte de proyectos de referencia como sus colaboraciones con Paco de Luc\u00eda, Jorge Pardo y Federico Lechner, alcanzando a nuevos p\u00fablicos y ampliando los horizontes de este instrumento dentro y fuera de Espa\u00f1a, destacando adem\u00e1s su actividad docente\u201d.<\/p>\n\n\n\n<p>Entre las \u00faltimas actuaciones de Antonio Serrano en Altea se encuentran la del pasado 20 de julio en el festival Altea Blues Festival, con el proyecto \u201cAntonio Serrano &amp; Kaele Jim\u00e9nez\u201d con una fusi\u00f3n de Blues, Jazz y m\u00fasica flamenca; que ha mencionado el Alcalde anteriormente y que se ha dado hace algo m\u00e1s de dos meses.<\/p>\n\n\n\n<p>El Concierto de Jazz navide\u00f1o, \u201cEl D\u00eda Nadal\u201d, dirigido por Antonio Serrano que ten\u00eda lugar el 26 de diciembre de 2022 en el Centro Cultural de Altea la Vella y del que el propio Serrano indicaba, \u201cde lo que se trata en este concierto es de dar protagonismo a los m\u00fasicos alteanos\u201d.<\/p>\n\n\n\n<p>En el a\u00f1o 2021, el 5 de agosto, \u201cM\u00fasica a Boqueta Nit\u201d cont\u00f3 con la m\u00fasica del cuarteto de Serrano con \u00abTootsology\u00bb.<\/p>\n\n\n\n<p>En 2017 la programaci\u00f3n de Palau Altea inclu\u00eda el homenaje que Antonio Serrano, una de las mejores arm\u00f3nicas del mundo, hac\u00eda a Toots Thielemans con \u201cTootsology\u201d.<\/p>\n\n\n\n<p>De este modo, en innumerables ocasiones, alteanos, alteanas, amantes de la m\u00fasica y vecinos de la Comarca de la Marina Baixa han podido disfrutar de la m\u00fasica de este prodigioso de la arm\u00f3nica, afincado en Altea y al que ahora su pueblo felicita y espera poder homenajear en breve.<\/p>\n\n\n\n<p>Biograf\u00eda<br>Antonio Serrano (Madrid, 1974) comienza su formaci\u00f3n a los siete a\u00f1os guiado por su padre, quien desarrolla un m\u00e9todo propio de ense\u00f1anza con la arm\u00f3nica como instrumento principal. M\u00e1s tarde estudia piano, viol\u00edn, percusi\u00f3n, lectura musical, armon\u00eda, Historia de la M\u00fasica, Historia del Arte, conjunto coral y est\u00e9tica en conservatorios de Madrid y Alicante.<\/p>\n\n\n\n<p>Su virtuosismo como armonicista le llevan, siendo a\u00fan un adolescente, a acompa\u00f1ar al maestro Larry Adler en un concierto de Naciones Unidas en Par\u00eds junto a Barbara Hendricks y Pl\u00e1cido Domingo, un hito que supuso el inicio de su carrera profesional a comienzos de los a\u00f1os 90.<\/p>\n\n\n\n<p>En la actualidad, Serrano es uno de los m\u00fasicos de sesi\u00f3n m\u00e1s solicitados de nuestro pa\u00eds. Su versatilidad le ha valido para hacer incursiones en el \u00e1mbito del jazz, la m\u00fasica cl\u00e1sica y el pop, aunque sobre todo destaca su aportaci\u00f3n al mundo del flamenco, en el que introdujo la arm\u00f3nica en este g\u00e9nero musical como miembro del grupo de Paco de Luc\u00eda desde 2004 hasta el fallecimiento del artista en 2014. Tambi\u00e9n ha formado parte de la programaci\u00f3n del Centro Nacional de Difusi\u00f3n Musical (CDNM) del INAEM en los \u00faltimos a\u00f1os, donde se ha presentado en solitario y junto a otros grandes m\u00fasicos.<\/p>\n\n\n\n<p>Entre sus trabajos m\u00e1s recientes, se encuentra el estreno en noviembre de 2020 de su adaptaci\u00f3n para arm\u00f3nica y orquesta de \u201cEl sombrero de tres picos\u201d de Manuel de Falla y el proyecto denominado \u201cBach &amp; Bach\u201d junto a Daniel Oyarz\u00e1bal y Pablo Mart\u00edn Caminero, que present\u00f3 en febrero de 2021. El a\u00f1o pasado estren\u00f3 \u201cPorter&amp; Gershwin\u201d, acompa\u00f1ado por los pianistas Federico Lechner e Ignasi Terraza, un disco en el que la arm\u00f3nica de Serrano sustituye a la voz en las composiciones de George Gershwin y Cole Porter, dos creadores clave en la m\u00fasica popular y el jazz del siglo pasado.<\/p>\n\n\n\n<p>Tambi\u00e9n en 2024 estren\u00f3 \u201cFlamenco Messengers\u201d, en el que re\u00fane a m\u00fasicos j\u00f3venes del \u00e1mbito del jazz y del flamenco para mostrar un repertorio amplio y ecl\u00e9ctico.<\/p>\n\n\n\n<p>| ALTEADIGITAL.ES<\/p>\n","protected":false},"excerpt":{"rendered":"<p>El galard\u00f3n, concedido por el Ministerio de Cultura, est\u00e1 dotado con 30.000\u20ac. El Ministerio de Cultura, a trav\u00e9s del [&hellip;]<\/p>\n","protected":false},"author":1,"featured_media":38376,"comment_status":"open","ping_status":"open","sticky":false,"template":"","format":"standard","meta":{"_expiration-date-status":"","_expiration-date":0,"_expiration-date-type":"","_expiration-date-categories":[],"_expiration-date-options":[],"footnotes":""},"yoast_head":"<!-- This site is optimized with the Yoast SEO plugin v22.8 - https:\/\/yoast.com\/wordpress\/plugins\/seo\/ -->\n<title>Altea felicita a Antonio Serrano, Premio Nacional de las M\u00fasicas Actuales 2025 - Altea Cultural<\/title>\n<meta name=\"robots\" content=\"index, follow, max-snippet:-1, max-image-preview:large, max-video-preview:-1\" \/>\n<link rel=\"canonical\" href=\"https:\/\/www.alteacultural.com\/es\/2025\/10\/14\/altea-felicita-a-antonio-serrano-premi-nacional-de-les-musiques-actuals-2025\/\" \/>\n<meta property=\"og:locale\" content=\"es_ES\" \/>\n<meta property=\"og:type\" content=\"article\" \/>\n<meta property=\"og:title\" content=\"Altea felicita a Antonio Serrano, Premio Nacional de las M\u00fasicas Actuales 2025 - Altea Cultural\" \/>\n<meta property=\"og:description\" content=\"El galard\u00f3n, concedido por el Ministerio de Cultura, est\u00e1 dotado con 30.000\u20ac. El Ministerio de Cultura, a trav\u00e9s del [&hellip;]\" \/>\n<meta property=\"og:url\" content=\"https:\/\/www.alteacultural.com\/es\/2025\/10\/14\/altea-felicita-a-antonio-serrano-premi-nacional-de-les-musiques-actuals-2025\/\" \/>\n<meta property=\"og:site_name\" content=\"Altea Cultural\" \/>\n<meta property=\"article:published_time\" content=\"2025-10-14T12:17:15+00:00\" \/>\n<meta property=\"article:modified_time\" content=\"2025-10-23T12:19:45+00:00\" \/>\n<meta property=\"og:image\" content=\"https:\/\/www.alteacultural.com\/wp-content\/uploads\/2025\/10\/Antonio-Serrano-en-Altea-2022.jpg\" \/>\n<meta name=\"author\" content=\"sfaltea.com-admin\" \/>\n<meta name=\"twitter:card\" content=\"summary_large_image\" \/>\n<meta name=\"twitter:label1\" content=\"Escrito por\" \/>\n\t<meta name=\"twitter:data1\" content=\"sfaltea.com-admin\" \/>\n\t<meta name=\"twitter:label2\" content=\"Tiempo de lectura\" \/>\n\t<meta name=\"twitter:data2\" content=\"6 minutos\" \/>\n<script type=\"application\/ld+json\" class=\"yoast-schema-graph\">{\"@context\":\"https:\/\/schema.org\",\"@graph\":[{\"@type\":\"WebPage\",\"@id\":\"https:\/\/www.alteacultural.com\/es\/2025\/10\/14\/altea-felicita-a-antonio-serrano-premi-nacional-de-les-musiques-actuals-2025\/\",\"url\":\"https:\/\/www.alteacultural.com\/es\/2025\/10\/14\/altea-felicita-a-antonio-serrano-premi-nacional-de-les-musiques-actuals-2025\/\",\"name\":\"Altea felicita a Antonio Serrano, Premio Nacional de las M\u00fasicas Actuales 2025 - Altea Cultural\",\"isPartOf\":{\"@id\":\"https:\/\/www.alteacultural.com\/es\/#website\"},\"primaryImageOfPage\":{\"@id\":\"https:\/\/www.alteacultural.com\/es\/2025\/10\/14\/altea-felicita-a-antonio-serrano-premi-nacional-de-les-musiques-actuals-2025\/#primaryimage\"},\"image\":{\"@id\":\"https:\/\/www.alteacultural.com\/es\/2025\/10\/14\/altea-felicita-a-antonio-serrano-premi-nacional-de-les-musiques-actuals-2025\/#primaryimage\"},\"thumbnailUrl\":\"https:\/\/www.alteacultural.com\/wp-content\/uploads\/2025\/10\/Antonio-Serrano-en-Altea-2022.jpg\",\"datePublished\":\"2025-10-14T12:17:15+00:00\",\"dateModified\":\"2025-10-23T12:19:45+00:00\",\"author\":{\"@id\":\"https:\/\/www.alteacultural.com\/es\/#\/schema\/person\/c4e137537f1af546d214a315255e5172\"},\"breadcrumb\":{\"@id\":\"https:\/\/www.alteacultural.com\/es\/2025\/10\/14\/altea-felicita-a-antonio-serrano-premi-nacional-de-les-musiques-actuals-2025\/#breadcrumb\"},\"inLanguage\":\"es\",\"potentialAction\":[{\"@type\":\"ReadAction\",\"target\":[\"https:\/\/www.alteacultural.com\/es\/2025\/10\/14\/altea-felicita-a-antonio-serrano-premi-nacional-de-les-musiques-actuals-2025\/\"]}]},{\"@type\":\"ImageObject\",\"inLanguage\":\"es\",\"@id\":\"https:\/\/www.alteacultural.com\/es\/2025\/10\/14\/altea-felicita-a-antonio-serrano-premi-nacional-de-les-musiques-actuals-2025\/#primaryimage\",\"url\":\"https:\/\/www.alteacultural.com\/wp-content\/uploads\/2025\/10\/Antonio-Serrano-en-Altea-2022.jpg\",\"contentUrl\":\"https:\/\/www.alteacultural.com\/wp-content\/uploads\/2025\/10\/Antonio-Serrano-en-Altea-2022.jpg\",\"width\":400,\"height\":503},{\"@type\":\"BreadcrumbList\",\"@id\":\"https:\/\/www.alteacultural.com\/es\/2025\/10\/14\/altea-felicita-a-antonio-serrano-premi-nacional-de-les-musiques-actuals-2025\/#breadcrumb\",\"itemListElement\":[{\"@type\":\"ListItem\",\"position\":1,\"name\":\"Inici\",\"item\":\"https:\/\/www.alteacultural.com\/es\/\"},{\"@type\":\"ListItem\",\"position\":2,\"name\":\"Altea felicita a Antonio Serrano, Premio Nacional de las M\u00fasicas Actuales 2025\"}]},{\"@type\":\"WebSite\",\"@id\":\"https:\/\/www.alteacultural.com\/es\/#website\",\"url\":\"https:\/\/www.alteacultural.com\/es\/\",\"name\":\"Altea Cultural\",\"description\":\"Regidoria de Cultura de l&#039;Ajuntament d&#039;Altea\",\"potentialAction\":[{\"@type\":\"SearchAction\",\"target\":{\"@type\":\"EntryPoint\",\"urlTemplate\":\"https:\/\/www.alteacultural.com\/es\/?s={search_term_string}\"},\"query-input\":\"required name=search_term_string\"}],\"inLanguage\":\"es\"},{\"@type\":\"Person\",\"@id\":\"https:\/\/www.alteacultural.com\/es\/#\/schema\/person\/c4e137537f1af546d214a315255e5172\",\"name\":\"sfaltea.com-admin\",\"image\":{\"@type\":\"ImageObject\",\"inLanguage\":\"es\",\"@id\":\"https:\/\/www.alteacultural.com\/es\/#\/schema\/person\/image\/\",\"url\":\"https:\/\/secure.gravatar.com\/avatar\/f7473fa2fbd351270ccfd469de536202?s=96&d=mm&r=g\",\"contentUrl\":\"https:\/\/secure.gravatar.com\/avatar\/f7473fa2fbd351270ccfd469de536202?s=96&d=mm&r=g\",\"caption\":\"sfaltea.com-admin\"},\"url\":\"https:\/\/www.alteacultural.com\/es\/author\/sfaltea-com-admin\/\"}]}<\/script>\n<!-- \/ Yoast SEO plugin. -->","yoast_head_json":{"title":"Altea felicita a Antonio Serrano, Premio Nacional de las M\u00fasicas Actuales 2025 - Altea Cultural","robots":{"index":"index","follow":"follow","max-snippet":"max-snippet:-1","max-image-preview":"max-image-preview:large","max-video-preview":"max-video-preview:-1"},"canonical":"https:\/\/www.alteacultural.com\/es\/2025\/10\/14\/altea-felicita-a-antonio-serrano-premi-nacional-de-les-musiques-actuals-2025\/","og_locale":"es_ES","og_type":"article","og_title":"Altea felicita a Antonio Serrano, Premio Nacional de las M\u00fasicas Actuales 2025 - Altea Cultural","og_description":"El galard\u00f3n, concedido por el Ministerio de Cultura, est\u00e1 dotado con 30.000\u20ac. El Ministerio de Cultura, a trav\u00e9s del [&hellip;]","og_url":"https:\/\/www.alteacultural.com\/es\/2025\/10\/14\/altea-felicita-a-antonio-serrano-premi-nacional-de-les-musiques-actuals-2025\/","og_site_name":"Altea Cultural","article_published_time":"2025-10-14T12:17:15+00:00","article_modified_time":"2025-10-23T12:19:45+00:00","og_image":[{"url":"https:\/\/www.alteacultural.com\/wp-content\/uploads\/2025\/10\/Antonio-Serrano-en-Altea-2022.jpg"}],"author":"sfaltea.com-admin","twitter_card":"summary_large_image","twitter_misc":{"Escrito por":"sfaltea.com-admin","Tiempo de lectura":"6 minutos"},"schema":{"@context":"https:\/\/schema.org","@graph":[{"@type":"WebPage","@id":"https:\/\/www.alteacultural.com\/es\/2025\/10\/14\/altea-felicita-a-antonio-serrano-premi-nacional-de-les-musiques-actuals-2025\/","url":"https:\/\/www.alteacultural.com\/es\/2025\/10\/14\/altea-felicita-a-antonio-serrano-premi-nacional-de-les-musiques-actuals-2025\/","name":"Altea felicita a Antonio Serrano, Premio Nacional de las M\u00fasicas Actuales 2025 - Altea Cultural","isPartOf":{"@id":"https:\/\/www.alteacultural.com\/es\/#website"},"primaryImageOfPage":{"@id":"https:\/\/www.alteacultural.com\/es\/2025\/10\/14\/altea-felicita-a-antonio-serrano-premi-nacional-de-les-musiques-actuals-2025\/#primaryimage"},"image":{"@id":"https:\/\/www.alteacultural.com\/es\/2025\/10\/14\/altea-felicita-a-antonio-serrano-premi-nacional-de-les-musiques-actuals-2025\/#primaryimage"},"thumbnailUrl":"https:\/\/www.alteacultural.com\/wp-content\/uploads\/2025\/10\/Antonio-Serrano-en-Altea-2022.jpg","datePublished":"2025-10-14T12:17:15+00:00","dateModified":"2025-10-23T12:19:45+00:00","author":{"@id":"https:\/\/www.alteacultural.com\/es\/#\/schema\/person\/c4e137537f1af546d214a315255e5172"},"breadcrumb":{"@id":"https:\/\/www.alteacultural.com\/es\/2025\/10\/14\/altea-felicita-a-antonio-serrano-premi-nacional-de-les-musiques-actuals-2025\/#breadcrumb"},"inLanguage":"es","potentialAction":[{"@type":"ReadAction","target":["https:\/\/www.alteacultural.com\/es\/2025\/10\/14\/altea-felicita-a-antonio-serrano-premi-nacional-de-les-musiques-actuals-2025\/"]}]},{"@type":"ImageObject","inLanguage":"es","@id":"https:\/\/www.alteacultural.com\/es\/2025\/10\/14\/altea-felicita-a-antonio-serrano-premi-nacional-de-les-musiques-actuals-2025\/#primaryimage","url":"https:\/\/www.alteacultural.com\/wp-content\/uploads\/2025\/10\/Antonio-Serrano-en-Altea-2022.jpg","contentUrl":"https:\/\/www.alteacultural.com\/wp-content\/uploads\/2025\/10\/Antonio-Serrano-en-Altea-2022.jpg","width":400,"height":503},{"@type":"BreadcrumbList","@id":"https:\/\/www.alteacultural.com\/es\/2025\/10\/14\/altea-felicita-a-antonio-serrano-premi-nacional-de-les-musiques-actuals-2025\/#breadcrumb","itemListElement":[{"@type":"ListItem","position":1,"name":"Inici","item":"https:\/\/www.alteacultural.com\/es\/"},{"@type":"ListItem","position":2,"name":"Altea felicita a Antonio Serrano, Premio Nacional de las M\u00fasicas Actuales 2025"}]},{"@type":"WebSite","@id":"https:\/\/www.alteacultural.com\/es\/#website","url":"https:\/\/www.alteacultural.com\/es\/","name":"Altea Cultural","description":"Regidoria de Cultura de l&#039;Ajuntament d&#039;Altea","potentialAction":[{"@type":"SearchAction","target":{"@type":"EntryPoint","urlTemplate":"https:\/\/www.alteacultural.com\/es\/?s={search_term_string}"},"query-input":"required name=search_term_string"}],"inLanguage":"es"},{"@type":"Person","@id":"https:\/\/www.alteacultural.com\/es\/#\/schema\/person\/c4e137537f1af546d214a315255e5172","name":"sfaltea.com-admin","image":{"@type":"ImageObject","inLanguage":"es","@id":"https:\/\/www.alteacultural.com\/es\/#\/schema\/person\/image\/","url":"https:\/\/secure.gravatar.com\/avatar\/f7473fa2fbd351270ccfd469de536202?s=96&d=mm&r=g","contentUrl":"https:\/\/secure.gravatar.com\/avatar\/f7473fa2fbd351270ccfd469de536202?s=96&d=mm&r=g","caption":"sfaltea.com-admin"},"url":"https:\/\/www.alteacultural.com\/es\/author\/sfaltea-com-admin\/"}]}},"_links":{"self":[{"href":"https:\/\/www.alteacultural.com\/es\/wp-json\/wp\/v2\/posts\/38378"}],"collection":[{"href":"https:\/\/www.alteacultural.com\/es\/wp-json\/wp\/v2\/posts"}],"about":[{"href":"https:\/\/www.alteacultural.com\/es\/wp-json\/wp\/v2\/types\/post"}],"author":[{"embeddable":true,"href":"https:\/\/www.alteacultural.com\/es\/wp-json\/wp\/v2\/users\/1"}],"replies":[{"embeddable":true,"href":"https:\/\/www.alteacultural.com\/es\/wp-json\/wp\/v2\/comments?post=38378"}],"version-history":[{"count":1,"href":"https:\/\/www.alteacultural.com\/es\/wp-json\/wp\/v2\/posts\/38378\/revisions"}],"predecessor-version":[{"id":38380,"href":"https:\/\/www.alteacultural.com\/es\/wp-json\/wp\/v2\/posts\/38378\/revisions\/38380"}],"wp:featuredmedia":[{"embeddable":true,"href":"https:\/\/www.alteacultural.com\/es\/wp-json\/wp\/v2\/media\/38376"}],"wp:attachment":[{"href":"https:\/\/www.alteacultural.com\/es\/wp-json\/wp\/v2\/media?parent=38378"}],"curies":[{"name":"wp","href":"https:\/\/api.w.org\/{rel}","templated":true}]}}