{"id":38383,"date":"2025-10-15T14:21:42","date_gmt":"2025-10-15T12:21:42","guid":{"rendered":"https:\/\/www.alteacultural.com\/2025\/10\/15\/col-lectiu-intermitent-posa-en-escena-la-comedia-el-intruso-a-palau-altea\/"},"modified":"2025-10-23T14:24:52","modified_gmt":"2025-10-23T12:24:52","slug":"col-lectiu-intermitent-posa-en-escena-la-comedia-el-intruso-a-palau-altea","status":"publish","type":"post","link":"https:\/\/www.alteacultural.com\/es\/2025\/10\/15\/col-lectiu-intermitent-posa-en-escena-la-comedia-el-intruso-a-palau-altea\/","title":{"rendered":"\u201cCol.lectiu Intermitent\u201d pone en escena la comedia \u201cEl Intruso\u201d en Palau Altea"},"content":{"rendered":"\n<figure class=\"wp-block-image size-full\"><img fetchpriority=\"high\" decoding=\"async\" width=\"1810\" height=\"2560\" src=\"https:\/\/www.alteacultural.com\/wp-content\/uploads\/2025\/10\/Teatro_El_Intruso_17oct2025_Cartell-01-scaled.jpg\" alt=\"\" class=\"wp-image-38104\" srcset=\"https:\/\/www.alteacultural.com\/wp-content\/uploads\/2025\/10\/Teatro_El_Intruso_17oct2025_Cartell-01-scaled.jpg 1810w, https:\/\/www.alteacultural.com\/wp-content\/uploads\/2025\/10\/Teatro_El_Intruso_17oct2025_Cartell-01-768x1086.jpg 768w, https:\/\/www.alteacultural.com\/wp-content\/uploads\/2025\/10\/Teatro_El_Intruso_17oct2025_Cartell-01-1086x1536.jpg 1086w, https:\/\/www.alteacultural.com\/wp-content\/uploads\/2025\/10\/Teatro_El_Intruso_17oct2025_Cartell-01-1448x2048.jpg 1448w\" sizes=\"(max-width: 1810px) 100vw, 1810px\" \/><\/figure>\n\n\n\n<p>pr\u00f3ximo viernes 17 de octubre, a las 19:00h en Palau Altea, tendr\u00e1 lugar la representaci\u00f3n de la obra \u201cEl Intruso\u201d de Antonio Cremades. Una comedia dirigida por Juan Pastor e interpretada por Maria Pastor y Morgan Blasco. As\u00ed lo ha anunciado la edil de Cultura, Pepa V. P\u00e9rez, quien invita a la poblaci\u00f3n a disfrutar de esta comedia que cuenta con la producci\u00f3n de \u201cCol.lectiu Intermitent\u201d y el patrocinio del \u201cInstitut Valenci\u00e0 de Cultura\u201d.<\/p>\n\n\n\n<p><strong>Sinopsis<\/strong><\/p>\n\n\n\n<p>En \u201cEl intruso\u201d nuestro personaje, que trabaja para una \u201cgran plataforma\u201d, ha cometido la torpeza de sacar provecho personal a costa de algo prohibitivo por aquellos a los que sirve. Con una angustia dif\u00edcil de controlar, una noche se levanta y a trav\u00e9s de la ventana de su habitaci\u00f3n descubre que alguien le est\u00e1 espiando bajo una farola. Su imaginaci\u00f3n se pone en marcha y el miedo activa su angustia. Aparece el terror c\u00f3smico. En los d\u00edas sucesivos el intruso aparece puntual bajo su farola y, aunque al principio no cre\u00eda en ello, finalmente su mujer se ve arrastrada por las sensaciones de su marido. El acoso se activa y el espacio cerrado de la habitaci\u00f3n se estrecha creando un clima inquietante que aumentar\u00e1 alcanzando cotas risibles. Al final no les quedar\u00e1 m\u00e1s remedio que enfrentarse abiertamente con el sujeto provocador del acoso.<\/p>\n\n\n\n<p>El precio de las entradas es de 5\u20ac i se pueden adquirir en&nbsp;<a href=\"http:\/\/www.alteacultural.com\/\">www.alteacultural.com<\/a>&nbsp;o en la taquilla de Palau Altea, desde una hora antes de la representaci\u00f3n.<\/p>\n\n\n\n<p>| ALTEADIGITAL.ES<\/p>\n","protected":false},"excerpt":{"rendered":"<p>pr\u00f3ximo viernes 17 de octubre, a las 19:00h en Palau Altea, tendr\u00e1 lugar la representaci\u00f3n de la obra \u201cEl [&hellip;]<\/p>\n","protected":false},"author":1,"featured_media":38105,"comment_status":"open","ping_status":"open","sticky":false,"template":"","format":"standard","meta":{"_expiration-date-status":"","_expiration-date":0,"_expiration-date-type":"","_expiration-date-categories":[],"_expiration-date-options":[],"footnotes":""},"yoast_head":"<!-- This site is optimized with the Yoast SEO plugin v22.8 - https:\/\/yoast.com\/wordpress\/plugins\/seo\/ -->\n<title>\u201cCol.lectiu Intermitent\u201d pone en escena la comedia \u201cEl Intruso\u201d en Palau Altea - Altea Cultural<\/title>\n<meta name=\"robots\" content=\"index, follow, max-snippet:-1, max-image-preview:large, max-video-preview:-1\" \/>\n<link rel=\"canonical\" href=\"https:\/\/www.alteacultural.com\/es\/2025\/10\/15\/col-lectiu-intermitent-posa-en-escena-la-comedia-el-intruso-a-palau-altea\/\" \/>\n<meta property=\"og:locale\" content=\"es_ES\" \/>\n<meta property=\"og:type\" content=\"article\" \/>\n<meta property=\"og:title\" content=\"\u201cCol.lectiu Intermitent\u201d pone en escena la comedia \u201cEl Intruso\u201d en Palau Altea - Altea Cultural\" \/>\n<meta property=\"og:description\" content=\"pr\u00f3ximo viernes 17 de octubre, a las 19:00h en Palau Altea, tendr\u00e1 lugar la representaci\u00f3n de la obra \u201cEl [&hellip;]\" \/>\n<meta property=\"og:url\" content=\"https:\/\/www.alteacultural.com\/es\/2025\/10\/15\/col-lectiu-intermitent-posa-en-escena-la-comedia-el-intruso-a-palau-altea\/\" \/>\n<meta property=\"og:site_name\" content=\"Altea Cultural\" \/>\n<meta property=\"article:published_time\" content=\"2025-10-15T12:21:42+00:00\" \/>\n<meta property=\"article:modified_time\" content=\"2025-10-23T12:24:52+00:00\" \/>\n<meta property=\"og:image\" content=\"https:\/\/www.alteacultural.com\/wp-content\/uploads\/2025\/10\/Teatro_El_Intruso_17oct2025_Cartell-01-scaled.jpg\" \/>\n<meta name=\"author\" content=\"sfaltea.com-admin\" \/>\n<meta name=\"twitter:card\" content=\"summary_large_image\" \/>\n<meta name=\"twitter:label1\" content=\"Escrito por\" \/>\n\t<meta name=\"twitter:data1\" content=\"sfaltea.com-admin\" \/>\n\t<meta name=\"twitter:label2\" content=\"Tiempo de lectura\" \/>\n\t<meta name=\"twitter:data2\" content=\"2 minutos\" \/>\n<script type=\"application\/ld+json\" class=\"yoast-schema-graph\">{\"@context\":\"https:\/\/schema.org\",\"@graph\":[{\"@type\":\"WebPage\",\"@id\":\"https:\/\/www.alteacultural.com\/es\/2025\/10\/15\/col-lectiu-intermitent-posa-en-escena-la-comedia-el-intruso-a-palau-altea\/\",\"url\":\"https:\/\/www.alteacultural.com\/es\/2025\/10\/15\/col-lectiu-intermitent-posa-en-escena-la-comedia-el-intruso-a-palau-altea\/\",\"name\":\"\u201cCol.lectiu Intermitent\u201d pone en escena la comedia \u201cEl Intruso\u201d en Palau Altea - Altea Cultural\",\"isPartOf\":{\"@id\":\"https:\/\/www.alteacultural.com\/es\/#website\"},\"primaryImageOfPage\":{\"@id\":\"https:\/\/www.alteacultural.com\/es\/2025\/10\/15\/col-lectiu-intermitent-posa-en-escena-la-comedia-el-intruso-a-palau-altea\/#primaryimage\"},\"image\":{\"@id\":\"https:\/\/www.alteacultural.com\/es\/2025\/10\/15\/col-lectiu-intermitent-posa-en-escena-la-comedia-el-intruso-a-palau-altea\/#primaryimage\"},\"thumbnailUrl\":\"https:\/\/www.alteacultural.com\/wp-content\/uploads\/2025\/10\/Teatro_El_Intruso_17oct2025_Cartell-01-scaled.jpg\",\"datePublished\":\"2025-10-15T12:21:42+00:00\",\"dateModified\":\"2025-10-23T12:24:52+00:00\",\"author\":{\"@id\":\"https:\/\/www.alteacultural.com\/es\/#\/schema\/person\/c4e137537f1af546d214a315255e5172\"},\"breadcrumb\":{\"@id\":\"https:\/\/www.alteacultural.com\/es\/2025\/10\/15\/col-lectiu-intermitent-posa-en-escena-la-comedia-el-intruso-a-palau-altea\/#breadcrumb\"},\"inLanguage\":\"es\",\"potentialAction\":[{\"@type\":\"ReadAction\",\"target\":[\"https:\/\/www.alteacultural.com\/es\/2025\/10\/15\/col-lectiu-intermitent-posa-en-escena-la-comedia-el-intruso-a-palau-altea\/\"]}]},{\"@type\":\"ImageObject\",\"inLanguage\":\"es\",\"@id\":\"https:\/\/www.alteacultural.com\/es\/2025\/10\/15\/col-lectiu-intermitent-posa-en-escena-la-comedia-el-intruso-a-palau-altea\/#primaryimage\",\"url\":\"https:\/\/www.alteacultural.com\/wp-content\/uploads\/2025\/10\/Teatro_El_Intruso_17oct2025_Cartell-01-scaled.jpg\",\"contentUrl\":\"https:\/\/www.alteacultural.com\/wp-content\/uploads\/2025\/10\/Teatro_El_Intruso_17oct2025_Cartell-01-scaled.jpg\",\"width\":1810,\"height\":2560},{\"@type\":\"BreadcrumbList\",\"@id\":\"https:\/\/www.alteacultural.com\/es\/2025\/10\/15\/col-lectiu-intermitent-posa-en-escena-la-comedia-el-intruso-a-palau-altea\/#breadcrumb\",\"itemListElement\":[{\"@type\":\"ListItem\",\"position\":1,\"name\":\"Inici\",\"item\":\"https:\/\/www.alteacultural.com\/es\/\"},{\"@type\":\"ListItem\",\"position\":2,\"name\":\"\u201cCol.lectiu Intermitent\u201d pone en escena la comedia \u201cEl Intruso\u201d en Palau Altea\"}]},{\"@type\":\"WebSite\",\"@id\":\"https:\/\/www.alteacultural.com\/es\/#website\",\"url\":\"https:\/\/www.alteacultural.com\/es\/\",\"name\":\"Altea Cultural\",\"description\":\"Regidoria de Cultura de l&#039;Ajuntament d&#039;Altea\",\"potentialAction\":[{\"@type\":\"SearchAction\",\"target\":{\"@type\":\"EntryPoint\",\"urlTemplate\":\"https:\/\/www.alteacultural.com\/es\/?s={search_term_string}\"},\"query-input\":\"required name=search_term_string\"}],\"inLanguage\":\"es\"},{\"@type\":\"Person\",\"@id\":\"https:\/\/www.alteacultural.com\/es\/#\/schema\/person\/c4e137537f1af546d214a315255e5172\",\"name\":\"sfaltea.com-admin\",\"image\":{\"@type\":\"ImageObject\",\"inLanguage\":\"es\",\"@id\":\"https:\/\/www.alteacultural.com\/es\/#\/schema\/person\/image\/\",\"url\":\"https:\/\/secure.gravatar.com\/avatar\/f7473fa2fbd351270ccfd469de536202?s=96&d=mm&r=g\",\"contentUrl\":\"https:\/\/secure.gravatar.com\/avatar\/f7473fa2fbd351270ccfd469de536202?s=96&d=mm&r=g\",\"caption\":\"sfaltea.com-admin\"},\"url\":\"https:\/\/www.alteacultural.com\/es\/author\/sfaltea-com-admin\/\"}]}<\/script>\n<!-- \/ Yoast SEO plugin. -->","yoast_head_json":{"title":"\u201cCol.lectiu Intermitent\u201d pone en escena la comedia \u201cEl Intruso\u201d en Palau Altea - Altea Cultural","robots":{"index":"index","follow":"follow","max-snippet":"max-snippet:-1","max-image-preview":"max-image-preview:large","max-video-preview":"max-video-preview:-1"},"canonical":"https:\/\/www.alteacultural.com\/es\/2025\/10\/15\/col-lectiu-intermitent-posa-en-escena-la-comedia-el-intruso-a-palau-altea\/","og_locale":"es_ES","og_type":"article","og_title":"\u201cCol.lectiu Intermitent\u201d pone en escena la comedia \u201cEl Intruso\u201d en Palau Altea - Altea Cultural","og_description":"pr\u00f3ximo viernes 17 de octubre, a las 19:00h en Palau Altea, tendr\u00e1 lugar la representaci\u00f3n de la obra \u201cEl [&hellip;]","og_url":"https:\/\/www.alteacultural.com\/es\/2025\/10\/15\/col-lectiu-intermitent-posa-en-escena-la-comedia-el-intruso-a-palau-altea\/","og_site_name":"Altea Cultural","article_published_time":"2025-10-15T12:21:42+00:00","article_modified_time":"2025-10-23T12:24:52+00:00","og_image":[{"url":"https:\/\/www.alteacultural.com\/wp-content\/uploads\/2025\/10\/Teatro_El_Intruso_17oct2025_Cartell-01-scaled.jpg"}],"author":"sfaltea.com-admin","twitter_card":"summary_large_image","twitter_misc":{"Escrito por":"sfaltea.com-admin","Tiempo de lectura":"2 minutos"},"schema":{"@context":"https:\/\/schema.org","@graph":[{"@type":"WebPage","@id":"https:\/\/www.alteacultural.com\/es\/2025\/10\/15\/col-lectiu-intermitent-posa-en-escena-la-comedia-el-intruso-a-palau-altea\/","url":"https:\/\/www.alteacultural.com\/es\/2025\/10\/15\/col-lectiu-intermitent-posa-en-escena-la-comedia-el-intruso-a-palau-altea\/","name":"\u201cCol.lectiu Intermitent\u201d pone en escena la comedia \u201cEl Intruso\u201d en Palau Altea - Altea Cultural","isPartOf":{"@id":"https:\/\/www.alteacultural.com\/es\/#website"},"primaryImageOfPage":{"@id":"https:\/\/www.alteacultural.com\/es\/2025\/10\/15\/col-lectiu-intermitent-posa-en-escena-la-comedia-el-intruso-a-palau-altea\/#primaryimage"},"image":{"@id":"https:\/\/www.alteacultural.com\/es\/2025\/10\/15\/col-lectiu-intermitent-posa-en-escena-la-comedia-el-intruso-a-palau-altea\/#primaryimage"},"thumbnailUrl":"https:\/\/www.alteacultural.com\/wp-content\/uploads\/2025\/10\/Teatro_El_Intruso_17oct2025_Cartell-01-scaled.jpg","datePublished":"2025-10-15T12:21:42+00:00","dateModified":"2025-10-23T12:24:52+00:00","author":{"@id":"https:\/\/www.alteacultural.com\/es\/#\/schema\/person\/c4e137537f1af546d214a315255e5172"},"breadcrumb":{"@id":"https:\/\/www.alteacultural.com\/es\/2025\/10\/15\/col-lectiu-intermitent-posa-en-escena-la-comedia-el-intruso-a-palau-altea\/#breadcrumb"},"inLanguage":"es","potentialAction":[{"@type":"ReadAction","target":["https:\/\/www.alteacultural.com\/es\/2025\/10\/15\/col-lectiu-intermitent-posa-en-escena-la-comedia-el-intruso-a-palau-altea\/"]}]},{"@type":"ImageObject","inLanguage":"es","@id":"https:\/\/www.alteacultural.com\/es\/2025\/10\/15\/col-lectiu-intermitent-posa-en-escena-la-comedia-el-intruso-a-palau-altea\/#primaryimage","url":"https:\/\/www.alteacultural.com\/wp-content\/uploads\/2025\/10\/Teatro_El_Intruso_17oct2025_Cartell-01-scaled.jpg","contentUrl":"https:\/\/www.alteacultural.com\/wp-content\/uploads\/2025\/10\/Teatro_El_Intruso_17oct2025_Cartell-01-scaled.jpg","width":1810,"height":2560},{"@type":"BreadcrumbList","@id":"https:\/\/www.alteacultural.com\/es\/2025\/10\/15\/col-lectiu-intermitent-posa-en-escena-la-comedia-el-intruso-a-palau-altea\/#breadcrumb","itemListElement":[{"@type":"ListItem","position":1,"name":"Inici","item":"https:\/\/www.alteacultural.com\/es\/"},{"@type":"ListItem","position":2,"name":"\u201cCol.lectiu Intermitent\u201d pone en escena la comedia \u201cEl Intruso\u201d en Palau Altea"}]},{"@type":"WebSite","@id":"https:\/\/www.alteacultural.com\/es\/#website","url":"https:\/\/www.alteacultural.com\/es\/","name":"Altea Cultural","description":"Regidoria de Cultura de l&#039;Ajuntament d&#039;Altea","potentialAction":[{"@type":"SearchAction","target":{"@type":"EntryPoint","urlTemplate":"https:\/\/www.alteacultural.com\/es\/?s={search_term_string}"},"query-input":"required name=search_term_string"}],"inLanguage":"es"},{"@type":"Person","@id":"https:\/\/www.alteacultural.com\/es\/#\/schema\/person\/c4e137537f1af546d214a315255e5172","name":"sfaltea.com-admin","image":{"@type":"ImageObject","inLanguage":"es","@id":"https:\/\/www.alteacultural.com\/es\/#\/schema\/person\/image\/","url":"https:\/\/secure.gravatar.com\/avatar\/f7473fa2fbd351270ccfd469de536202?s=96&d=mm&r=g","contentUrl":"https:\/\/secure.gravatar.com\/avatar\/f7473fa2fbd351270ccfd469de536202?s=96&d=mm&r=g","caption":"sfaltea.com-admin"},"url":"https:\/\/www.alteacultural.com\/es\/author\/sfaltea-com-admin\/"}]}},"_links":{"self":[{"href":"https:\/\/www.alteacultural.com\/es\/wp-json\/wp\/v2\/posts\/38383"}],"collection":[{"href":"https:\/\/www.alteacultural.com\/es\/wp-json\/wp\/v2\/posts"}],"about":[{"href":"https:\/\/www.alteacultural.com\/es\/wp-json\/wp\/v2\/types\/post"}],"author":[{"embeddable":true,"href":"https:\/\/www.alteacultural.com\/es\/wp-json\/wp\/v2\/users\/1"}],"replies":[{"embeddable":true,"href":"https:\/\/www.alteacultural.com\/es\/wp-json\/wp\/v2\/comments?post=38383"}],"version-history":[{"count":1,"href":"https:\/\/www.alteacultural.com\/es\/wp-json\/wp\/v2\/posts\/38383\/revisions"}],"predecessor-version":[{"id":38384,"href":"https:\/\/www.alteacultural.com\/es\/wp-json\/wp\/v2\/posts\/38383\/revisions\/38384"}],"wp:featuredmedia":[{"embeddable":true,"href":"https:\/\/www.alteacultural.com\/es\/wp-json\/wp\/v2\/media\/38105"}],"wp:attachment":[{"href":"https:\/\/www.alteacultural.com\/es\/wp-json\/wp\/v2\/media?parent=38383"}],"curies":[{"name":"wp","href":"https:\/\/api.w.org\/{rel}","templated":true}]}}