{"id":38388,"date":"2025-10-16T14:25:45","date_gmt":"2025-10-16T12:25:45","guid":{"rendered":"https:\/\/www.alteacultural.com\/2025\/10\/16\/cronicas-senderistas-inaugura-el-cicle-de-presentacio-llibres-a-la-tardor\/"},"modified":"2025-10-23T14:36:34","modified_gmt":"2025-10-23T12:36:34","slug":"cronicas-senderistas-inaugura-el-cicle-de-presentacio-llibres-a-la-tardor","status":"publish","type":"post","link":"https:\/\/www.alteacultural.com\/es\/2025\/10\/16\/cronicas-senderistas-inaugura-el-cicle-de-presentacio-llibres-a-la-tardor\/","title":{"rendered":"\u201cCr\u00f3nicas Senderistas\u201d inaugura el ciclo de presentaci\u00f3n \u201cLlibres a la Tardor\u201d"},"content":{"rendered":"\n<figure class=\"wp-block-image size-full\"><img fetchpriority=\"high\" decoding=\"async\" width=\"1810\" height=\"2560\" src=\"https:\/\/www.alteacultural.com\/wp-content\/uploads\/2025\/10\/2025-12-18-LlibresTardor25_Cartell-01-scaled.jpg\" alt=\"\" class=\"wp-image-38237\" srcset=\"https:\/\/www.alteacultural.com\/wp-content\/uploads\/2025\/10\/2025-12-18-LlibresTardor25_Cartell-01-scaled.jpg 1810w, https:\/\/www.alteacultural.com\/wp-content\/uploads\/2025\/10\/2025-12-18-LlibresTardor25_Cartell-01-768x1086.jpg 768w, https:\/\/www.alteacultural.com\/wp-content\/uploads\/2025\/10\/2025-12-18-LlibresTardor25_Cartell-01-1086x1536.jpg 1086w, https:\/\/www.alteacultural.com\/wp-content\/uploads\/2025\/10\/2025-12-18-LlibresTardor25_Cartell-01-1448x2048.jpg 1448w\" sizes=\"(max-width: 1810px) 100vw, 1810px\" \/><\/figure>\n\n\n\n<p>Cada jueves a las 19:30h en la Casa de Cultura de Altea<\/p>\n\n\n\n<p>En el d\u00eda de hoy da inicio el ciclo \u201cLlibres a la Tardor 2025\u201d en el que ser\u00e1n presentados un total de 10 libros, durante la tarde de los jueves hasta el 18 de diciembre. As\u00ed lo ha informado la edil de Cultura, Pepa V. P\u00e9rez, quien, un a\u00f1o m\u00e1s, destaca la buena acogida que tiene esta iniciativa que acerca las letras a los amantes de la lectura.<\/p>\n\n\n\n<p>El ciclo comienza con la presentaci\u00f3n de \u201cCr\u00f3nicas Senderistas\u201d de Miguel Torres Calabuig, hoy jueves 16 de octubre a las 19:30h en las instalaciones de Biblioteca Municipal.<\/p>\n\n\n\n<p><strong>Calendario de pr\u00f3ximas presentaciones<\/strong><\/p>\n\n\n\n<p>23 de octubre: \u201cMi vida en los objetos\u201d<\/p>\n\n\n\n<p>30 de octubre: \u201cEl despertar de las Flores\u201d<\/p>\n\n\n\n<p>13 de noviembre: \u201cNegr\u00edn no cremava esgl\u00e9sies\u201d<\/p>\n\n\n\n<p>20 de noviembre: \u201cDesconexi\u00f3n\u201d<\/p>\n\n\n\n<p>27 de noviembre: \u201cLa Materia que refulge\u201d<\/p>\n\n\n\n<p>4 de diciembre: \u201cTotes les Llums del Temps\u201d y \u201cLa cuinera de not\u00edcies\u201d, Premis Altea<\/p>\n\n\n\n<p>11 de diciembre: \u201cEl Or\u00e1culo de la Naturaleza\u201d<\/p>\n\n\n\n<p>18 diciembre: \u201cPor qu\u00e9 los refranes siempre tienen raz\u00f3n\u201d<\/p>\n\n\n\n<p>La entrada a las presentaciones es libre y gratuita, hasta completar el aforo y para m\u00e1s&nbsp; informaci\u00f3n sobre el ciclo, obras y autores, consultar&nbsp;<a href=\"http:\/\/www.alteacultural.com\/\">www.alteacultural.com<\/a><\/p>\n\n\n\n<p>Como responsable de Cultura, Pepa V. P\u00e9rez anima a la participaci\u00f3n.<\/p>\n\n\n\n<p>| ALTEADIGITAL.ES<\/p>\n","protected":false},"excerpt":{"rendered":"<p>Cada jueves a las 19:30h en la Casa de Cultura de Altea En el d\u00eda de hoy da inicio [&hellip;]<\/p>\n","protected":false},"author":1,"featured_media":38238,"comment_status":"open","ping_status":"open","sticky":false,"template":"","format":"standard","meta":{"_expiration-date-status":"","_expiration-date":1761222956,"_expiration-date-type":"draft","_expiration-date-categories":[],"_expiration-date-options":[],"footnotes":""},"yoast_head":"<!-- This site is optimized with the Yoast SEO plugin v22.8 - https:\/\/yoast.com\/wordpress\/plugins\/seo\/ -->\n<title>\u201cCr\u00f3nicas Senderistas\u201d inaugura el ciclo de presentaci\u00f3n \u201cLlibres a la Tardor\u201d - Altea Cultural<\/title>\n<meta name=\"robots\" content=\"index, follow, max-snippet:-1, max-image-preview:large, max-video-preview:-1\" \/>\n<link rel=\"canonical\" href=\"https:\/\/www.alteacultural.com\/es\/2025\/10\/16\/cronicas-senderistas-inaugura-el-cicle-de-presentacio-llibres-a-la-tardor\/\" \/>\n<meta property=\"og:locale\" content=\"es_ES\" \/>\n<meta property=\"og:type\" content=\"article\" \/>\n<meta property=\"og:title\" content=\"\u201cCr\u00f3nicas Senderistas\u201d inaugura el ciclo de presentaci\u00f3n \u201cLlibres a la Tardor\u201d - Altea Cultural\" \/>\n<meta property=\"og:description\" content=\"Cada jueves a las 19:30h en la Casa de Cultura de Altea En el d\u00eda de hoy da inicio [&hellip;]\" \/>\n<meta property=\"og:url\" content=\"https:\/\/www.alteacultural.com\/es\/2025\/10\/16\/cronicas-senderistas-inaugura-el-cicle-de-presentacio-llibres-a-la-tardor\/\" \/>\n<meta property=\"og:site_name\" content=\"Altea Cultural\" \/>\n<meta property=\"article:published_time\" content=\"2025-10-16T12:25:45+00:00\" \/>\n<meta property=\"article:modified_time\" content=\"2025-10-23T12:36:34+00:00\" \/>\n<meta property=\"og:image\" content=\"https:\/\/www.alteacultural.com\/wp-content\/uploads\/2025\/10\/2025-12-18-LlibresTardor25_Cartell-01-scaled.jpg\" \/>\n\t<meta property=\"og:image:width\" content=\"1810\" \/>\n\t<meta property=\"og:image:height\" content=\"2560\" \/>\n\t<meta property=\"og:image:type\" content=\"image\/jpeg\" \/>\n<meta name=\"author\" content=\"sfaltea.com-admin\" \/>\n<meta name=\"twitter:card\" content=\"summary_large_image\" \/>\n<meta name=\"twitter:label1\" content=\"Escrito por\" \/>\n\t<meta name=\"twitter:data1\" content=\"sfaltea.com-admin\" \/>\n\t<meta name=\"twitter:label2\" content=\"Tiempo de lectura\" \/>\n\t<meta name=\"twitter:data2\" content=\"2 minutos\" \/>\n<script type=\"application\/ld+json\" class=\"yoast-schema-graph\">{\"@context\":\"https:\/\/schema.org\",\"@graph\":[{\"@type\":\"WebPage\",\"@id\":\"https:\/\/www.alteacultural.com\/es\/2025\/10\/16\/cronicas-senderistas-inaugura-el-cicle-de-presentacio-llibres-a-la-tardor\/\",\"url\":\"https:\/\/www.alteacultural.com\/es\/2025\/10\/16\/cronicas-senderistas-inaugura-el-cicle-de-presentacio-llibres-a-la-tardor\/\",\"name\":\"\u201cCr\u00f3nicas Senderistas\u201d inaugura el ciclo de presentaci\u00f3n \u201cLlibres a la Tardor\u201d - Altea Cultural\",\"isPartOf\":{\"@id\":\"https:\/\/www.alteacultural.com\/es\/#website\"},\"primaryImageOfPage\":{\"@id\":\"https:\/\/www.alteacultural.com\/es\/2025\/10\/16\/cronicas-senderistas-inaugura-el-cicle-de-presentacio-llibres-a-la-tardor\/#primaryimage\"},\"image\":{\"@id\":\"https:\/\/www.alteacultural.com\/es\/2025\/10\/16\/cronicas-senderistas-inaugura-el-cicle-de-presentacio-llibres-a-la-tardor\/#primaryimage\"},\"thumbnailUrl\":\"https:\/\/www.alteacultural.com\/wp-content\/uploads\/2025\/10\/2025-12-18-LlibresTardor25_Cartell-01-scaled.jpg\",\"datePublished\":\"2025-10-16T12:25:45+00:00\",\"dateModified\":\"2025-10-23T12:36:34+00:00\",\"author\":{\"@id\":\"https:\/\/www.alteacultural.com\/es\/#\/schema\/person\/c4e137537f1af546d214a315255e5172\"},\"breadcrumb\":{\"@id\":\"https:\/\/www.alteacultural.com\/es\/2025\/10\/16\/cronicas-senderistas-inaugura-el-cicle-de-presentacio-llibres-a-la-tardor\/#breadcrumb\"},\"inLanguage\":\"es\",\"potentialAction\":[{\"@type\":\"ReadAction\",\"target\":[\"https:\/\/www.alteacultural.com\/es\/2025\/10\/16\/cronicas-senderistas-inaugura-el-cicle-de-presentacio-llibres-a-la-tardor\/\"]}]},{\"@type\":\"ImageObject\",\"inLanguage\":\"es\",\"@id\":\"https:\/\/www.alteacultural.com\/es\/2025\/10\/16\/cronicas-senderistas-inaugura-el-cicle-de-presentacio-llibres-a-la-tardor\/#primaryimage\",\"url\":\"https:\/\/www.alteacultural.com\/wp-content\/uploads\/2025\/10\/2025-12-18-LlibresTardor25_Cartell-01-scaled.jpg\",\"contentUrl\":\"https:\/\/www.alteacultural.com\/wp-content\/uploads\/2025\/10\/2025-12-18-LlibresTardor25_Cartell-01-scaled.jpg\",\"width\":1810,\"height\":2560},{\"@type\":\"BreadcrumbList\",\"@id\":\"https:\/\/www.alteacultural.com\/es\/2025\/10\/16\/cronicas-senderistas-inaugura-el-cicle-de-presentacio-llibres-a-la-tardor\/#breadcrumb\",\"itemListElement\":[{\"@type\":\"ListItem\",\"position\":1,\"name\":\"Inici\",\"item\":\"https:\/\/www.alteacultural.com\/es\/\"},{\"@type\":\"ListItem\",\"position\":2,\"name\":\"\u201cCr\u00f3nicas Senderistas\u201d inaugura el ciclo de presentaci\u00f3n \u201cLlibres a la Tardor\u201d\"}]},{\"@type\":\"WebSite\",\"@id\":\"https:\/\/www.alteacultural.com\/es\/#website\",\"url\":\"https:\/\/www.alteacultural.com\/es\/\",\"name\":\"Altea Cultural\",\"description\":\"Regidoria de Cultura de l&#039;Ajuntament d&#039;Altea\",\"potentialAction\":[{\"@type\":\"SearchAction\",\"target\":{\"@type\":\"EntryPoint\",\"urlTemplate\":\"https:\/\/www.alteacultural.com\/es\/?s={search_term_string}\"},\"query-input\":\"required name=search_term_string\"}],\"inLanguage\":\"es\"},{\"@type\":\"Person\",\"@id\":\"https:\/\/www.alteacultural.com\/es\/#\/schema\/person\/c4e137537f1af546d214a315255e5172\",\"name\":\"sfaltea.com-admin\",\"image\":{\"@type\":\"ImageObject\",\"inLanguage\":\"es\",\"@id\":\"https:\/\/www.alteacultural.com\/es\/#\/schema\/person\/image\/\",\"url\":\"https:\/\/secure.gravatar.com\/avatar\/f7473fa2fbd351270ccfd469de536202?s=96&d=mm&r=g\",\"contentUrl\":\"https:\/\/secure.gravatar.com\/avatar\/f7473fa2fbd351270ccfd469de536202?s=96&d=mm&r=g\",\"caption\":\"sfaltea.com-admin\"},\"url\":\"https:\/\/www.alteacultural.com\/es\/author\/sfaltea-com-admin\/\"}]}<\/script>\n<!-- \/ Yoast SEO plugin. -->","yoast_head_json":{"title":"\u201cCr\u00f3nicas Senderistas\u201d inaugura el ciclo de presentaci\u00f3n \u201cLlibres a la Tardor\u201d - Altea Cultural","robots":{"index":"index","follow":"follow","max-snippet":"max-snippet:-1","max-image-preview":"max-image-preview:large","max-video-preview":"max-video-preview:-1"},"canonical":"https:\/\/www.alteacultural.com\/es\/2025\/10\/16\/cronicas-senderistas-inaugura-el-cicle-de-presentacio-llibres-a-la-tardor\/","og_locale":"es_ES","og_type":"article","og_title":"\u201cCr\u00f3nicas Senderistas\u201d inaugura el ciclo de presentaci\u00f3n \u201cLlibres a la Tardor\u201d - Altea Cultural","og_description":"Cada jueves a las 19:30h en la Casa de Cultura de Altea En el d\u00eda de hoy da inicio [&hellip;]","og_url":"https:\/\/www.alteacultural.com\/es\/2025\/10\/16\/cronicas-senderistas-inaugura-el-cicle-de-presentacio-llibres-a-la-tardor\/","og_site_name":"Altea Cultural","article_published_time":"2025-10-16T12:25:45+00:00","article_modified_time":"2025-10-23T12:36:34+00:00","og_image":[{"width":1810,"height":2560,"url":"https:\/\/www.alteacultural.com\/wp-content\/uploads\/2025\/10\/2025-12-18-LlibresTardor25_Cartell-01-scaled.jpg","type":"image\/jpeg"}],"author":"sfaltea.com-admin","twitter_card":"summary_large_image","twitter_misc":{"Escrito por":"sfaltea.com-admin","Tiempo de lectura":"2 minutos"},"schema":{"@context":"https:\/\/schema.org","@graph":[{"@type":"WebPage","@id":"https:\/\/www.alteacultural.com\/es\/2025\/10\/16\/cronicas-senderistas-inaugura-el-cicle-de-presentacio-llibres-a-la-tardor\/","url":"https:\/\/www.alteacultural.com\/es\/2025\/10\/16\/cronicas-senderistas-inaugura-el-cicle-de-presentacio-llibres-a-la-tardor\/","name":"\u201cCr\u00f3nicas Senderistas\u201d inaugura el ciclo de presentaci\u00f3n \u201cLlibres a la Tardor\u201d - Altea Cultural","isPartOf":{"@id":"https:\/\/www.alteacultural.com\/es\/#website"},"primaryImageOfPage":{"@id":"https:\/\/www.alteacultural.com\/es\/2025\/10\/16\/cronicas-senderistas-inaugura-el-cicle-de-presentacio-llibres-a-la-tardor\/#primaryimage"},"image":{"@id":"https:\/\/www.alteacultural.com\/es\/2025\/10\/16\/cronicas-senderistas-inaugura-el-cicle-de-presentacio-llibres-a-la-tardor\/#primaryimage"},"thumbnailUrl":"https:\/\/www.alteacultural.com\/wp-content\/uploads\/2025\/10\/2025-12-18-LlibresTardor25_Cartell-01-scaled.jpg","datePublished":"2025-10-16T12:25:45+00:00","dateModified":"2025-10-23T12:36:34+00:00","author":{"@id":"https:\/\/www.alteacultural.com\/es\/#\/schema\/person\/c4e137537f1af546d214a315255e5172"},"breadcrumb":{"@id":"https:\/\/www.alteacultural.com\/es\/2025\/10\/16\/cronicas-senderistas-inaugura-el-cicle-de-presentacio-llibres-a-la-tardor\/#breadcrumb"},"inLanguage":"es","potentialAction":[{"@type":"ReadAction","target":["https:\/\/www.alteacultural.com\/es\/2025\/10\/16\/cronicas-senderistas-inaugura-el-cicle-de-presentacio-llibres-a-la-tardor\/"]}]},{"@type":"ImageObject","inLanguage":"es","@id":"https:\/\/www.alteacultural.com\/es\/2025\/10\/16\/cronicas-senderistas-inaugura-el-cicle-de-presentacio-llibres-a-la-tardor\/#primaryimage","url":"https:\/\/www.alteacultural.com\/wp-content\/uploads\/2025\/10\/2025-12-18-LlibresTardor25_Cartell-01-scaled.jpg","contentUrl":"https:\/\/www.alteacultural.com\/wp-content\/uploads\/2025\/10\/2025-12-18-LlibresTardor25_Cartell-01-scaled.jpg","width":1810,"height":2560},{"@type":"BreadcrumbList","@id":"https:\/\/www.alteacultural.com\/es\/2025\/10\/16\/cronicas-senderistas-inaugura-el-cicle-de-presentacio-llibres-a-la-tardor\/#breadcrumb","itemListElement":[{"@type":"ListItem","position":1,"name":"Inici","item":"https:\/\/www.alteacultural.com\/es\/"},{"@type":"ListItem","position":2,"name":"\u201cCr\u00f3nicas Senderistas\u201d inaugura el ciclo de presentaci\u00f3n \u201cLlibres a la Tardor\u201d"}]},{"@type":"WebSite","@id":"https:\/\/www.alteacultural.com\/es\/#website","url":"https:\/\/www.alteacultural.com\/es\/","name":"Altea Cultural","description":"Regidoria de Cultura de l&#039;Ajuntament d&#039;Altea","potentialAction":[{"@type":"SearchAction","target":{"@type":"EntryPoint","urlTemplate":"https:\/\/www.alteacultural.com\/es\/?s={search_term_string}"},"query-input":"required name=search_term_string"}],"inLanguage":"es"},{"@type":"Person","@id":"https:\/\/www.alteacultural.com\/es\/#\/schema\/person\/c4e137537f1af546d214a315255e5172","name":"sfaltea.com-admin","image":{"@type":"ImageObject","inLanguage":"es","@id":"https:\/\/www.alteacultural.com\/es\/#\/schema\/person\/image\/","url":"https:\/\/secure.gravatar.com\/avatar\/f7473fa2fbd351270ccfd469de536202?s=96&d=mm&r=g","contentUrl":"https:\/\/secure.gravatar.com\/avatar\/f7473fa2fbd351270ccfd469de536202?s=96&d=mm&r=g","caption":"sfaltea.com-admin"},"url":"https:\/\/www.alteacultural.com\/es\/author\/sfaltea-com-admin\/"}]}},"_links":{"self":[{"href":"https:\/\/www.alteacultural.com\/es\/wp-json\/wp\/v2\/posts\/38388"}],"collection":[{"href":"https:\/\/www.alteacultural.com\/es\/wp-json\/wp\/v2\/posts"}],"about":[{"href":"https:\/\/www.alteacultural.com\/es\/wp-json\/wp\/v2\/types\/post"}],"author":[{"embeddable":true,"href":"https:\/\/www.alteacultural.com\/es\/wp-json\/wp\/v2\/users\/1"}],"replies":[{"embeddable":true,"href":"https:\/\/www.alteacultural.com\/es\/wp-json\/wp\/v2\/comments?post=38388"}],"version-history":[{"count":2,"href":"https:\/\/www.alteacultural.com\/es\/wp-json\/wp\/v2\/posts\/38388\/revisions"}],"predecessor-version":[{"id":38392,"href":"https:\/\/www.alteacultural.com\/es\/wp-json\/wp\/v2\/posts\/38388\/revisions\/38392"}],"wp:featuredmedia":[{"embeddable":true,"href":"https:\/\/www.alteacultural.com\/es\/wp-json\/wp\/v2\/media\/38238"}],"wp:attachment":[{"href":"https:\/\/www.alteacultural.com\/es\/wp-json\/wp\/v2\/media?parent=38388"}],"curies":[{"name":"wp","href":"https:\/\/api.w.org\/{rel}","templated":true}]}}