{"id":38593,"date":"2025-11-18T08:53:30","date_gmt":"2025-11-18T07:53:30","guid":{"rendered":"https:\/\/www.alteacultural.com\/2025\/11\/18\/la-festivitat-de-santa-cecilia-omplira-altea-i-altea-la-vella-de-musica-de-banda\/"},"modified":"2025-11-18T08:55:23","modified_gmt":"2025-11-18T07:55:23","slug":"la-festivitat-de-santa-cecilia-omplira-altea-i-altea-la-vella-de-musica-de-banda","status":"publish","type":"post","link":"https:\/\/www.alteacultural.com\/es\/2025\/11\/18\/la-festivitat-de-santa-cecilia-omplira-altea-i-altea-la-vella-de-musica-de-banda\/","title":{"rendered":"La festividad de Santa Cecilia colmar\u00e1 Altea y Altea la Vella de m\u00fasica de banda"},"content":{"rendered":"\n<figure class=\"wp-block-image size-full\"><img fetchpriority=\"high\" decoding=\"async\" width=\"1028\" height=\"744\" src=\"https:\/\/www.alteacultural.com\/wp-content\/uploads\/2025\/11\/Rp-Santa-Cecilia.jpg\" alt=\"\" class=\"wp-image-38590\" srcset=\"https:\/\/www.alteacultural.com\/wp-content\/uploads\/2025\/11\/Rp-Santa-Cecilia.jpg 1028w, https:\/\/www.alteacultural.com\/wp-content\/uploads\/2025\/11\/Rp-Santa-Cecilia-768x556.jpg 768w\" sizes=\"(max-width: 1028px) 100vw, 1028px\" \/><\/figure>\n\n\n\n<p><strong>La concejala de Cultura y los presidentes de la SFA y SRM de Altea la Vella presentan la programaci\u00f3n de Santa Cecilia.<\/strong><\/p>\n\n\n\n<p>En la ma\u00f1ana de hoy ha tenido lugar la presentaci\u00f3n oficial de los m\u00faltiples actos que van a tener lugar, este fin de semana en Altea y Altea la Vella, con motivo de la festividad de Santa Cecilia, patrona de la m\u00fasica y los m\u00fasicos. Como ha indicado la edil de Cultura, \u201cAltea tiene la gran suerte de tener dos agrupaciones musicales. En los d\u00edas previos ya se han llevado a cabo algunas actividades, pero este fin de semana son los d\u00edas grandes de la celebraci\u00f3n\u201d.<\/p>\n\n\n\n<p>De la programaci\u00f3n de cada una de las agrupaciones han hablado sus presidentes. Francisco Alvado, es el responsable de la Societat Filharm\u00f2nica Alteanense y como tal ha desgranado los detalles del programa de actos que han preparado la SFA para estos d\u00edas.<\/p>\n\n\n\n<p>Alvado ha comenzado su intervenci\u00f3n recordando que el 25 de octubre se llevaba a cabo el concierto de la Orquesta de Pulso y P\u00faa de la entidad.<\/p>\n\n\n\n<p><strong>Programaci\u00f3n SFA<\/strong><\/p>\n\n\n\n<p>Viernes 14 de noviembre a las 20:30h en Palau Altea, la Banda Simf\u00f2nica de la SFA ofrecer\u00e1 su concierto especial de Santa Cecilia.<\/p>\n\n\n\n<p>S\u00e1bado 15, a partir de las 11h en la sede de la entidad, calle Filharm\u00f2nica, se desarrollar\u00e1n talleres y actividades destinados a ni\u00f1os y ni\u00f1as de entre 5 y 9 a\u00f1os. A partir de las 16:00h se proceder\u00e1 al desfile y recogida de los nuevos m\u00fasicos, que en este caso son 7 los educandos que acceden a la banda. Ellos son: Emma Al\u00f3s Garc\u00eda, saxo alto; Cecilia Coello L\u00f3pez, trompa; Maria Donet Beltran, trompa; Marc Guzm\u00e1n Fern\u00e1ndez, clarinete; Sof\u00eda Halvorsen Berenguer, flauta; Clara Llorens P\u00e9rez, Tromb\u00f3n y Roc\u00edo Torres Berenguer, flauta.<\/p>\n\n\n\n<p>A las 18:30 del s\u00e1bado Misa en Honor a Santa Cecilia, cantada por el Coro de la SFA, en la Iglesia Parroquial de la Virgen del Consuelo.<\/p>\n\n\n\n<p>El 28 de noviembre a las 19:00h en el local de ensayo de la SFA, audici\u00f3n de tromb\u00f3n y trompeta.<\/p>\n\n\n\n<p>29 de noviembre, a las 11:00h, en el local de ensayos de la SFA, cuentos musicales para p\u00fablico familiar y ese mismo d\u00eda, en el mismo espacio, a las 18:00h tendr\u00e1 lugar el Concierto de Santa Cecilia del Cor de la SFA y audici\u00f3n de Saxos.<\/p>\n\n\n\n<p>Y como ha apuntado Alvado, la SFA cerrar\u00e1 como es habitual las celebraciones de Santa Cecilia con el Certamen Internacional de Bandas de M\u00fasica Vila d\u2019Altea que tendr\u00e1 lugar el domingo 7 de diciembre a partir de las 16:00h en Palau Altea, con la participaci\u00f3n a concurso del \u2018Ateneo Musical i d\u2019Ensenyament Banda Primitiva de Liria\u2019 y el \u2018Centro Instructivo Musical de Mislata\u2019.<\/p>\n\n\n\n<p>De la programaci\u00f3n de estos d\u00edas organizada por la Societat Recreativa Musical d\u2019Altea la Vella ha hablado Juan Antonio Ba\u00f1uls, presidente de la entidad, quien ha apuntado que en la tarde de ayer jueves se llevaba a cabo una audici\u00f3n de alumnos el Conservatorio en el Centro Cultural.<\/p>\n\n\n\n<p><strong>Programaci\u00f3n SRM<\/strong><\/p>\n\n\n\n<p>El s\u00e1bado 15 a las 13:00h, sorteo de las bandas participantes en el \u2018XVI Certamen de M\u00fasica Festera d\u2019Altea la Vella\u2019, que tendr\u00e1 lugar el 14 de febrero de 2026.<\/p>\n\n\n\n<p>A las 18:00h, pasacalle desde el Centro Cultural hasta la Parroquia de Santa Anna y a las 18:30h, Misa solemne en honor a Santa Cecilia.<\/p>\n\n\n\n<p>20:00h en el Cetro Cultural de Altea la Vella, incorporaci\u00f3n a la banda de Chloe Pont Prada, clarinete y posterior concierto, con la entrega de liras de plata, oro y una de platino.<\/p>\n\n\n\n<p>En nombre de ambas agrupaciones musicales, Alvado y Ba\u00f1uls invitan a la ciudadan\u00eda a disfrutar de los actos de Santa Cecilia 2025.<\/p>\n\n\n\n<p>\u201cCreo que somos un pueblo afortunado. Tenemos dos bandas de m\u00fasica y es importante dales el lugar que se merecen. El concierto de Santa Cecilia para los m\u00fasicos es el m\u00e1s importante porque celebran su festividad y es de alabar el esfuerzo que hacen durante todo el a\u00f1o asistiendo a los ensayos y haciendo un trabajo de forma desinteresada en pro de la cultura\u201d. Ha apuntado la Pepa V. P\u00e9rez, responsable municipal de Cultura, quien ha acabado pidiendo a la ciudadan\u00eda que acompa\u00f1en a las bandas en su festividad y los actos que organizan.<\/p>\n\n\n\n<p>Para Pepa V. P\u00e9rez Altea tiene la suerte de contar con dos cert\u00e1menes de m\u00fasica, organizados por cada una de las dos entidades. \u201cDos cert\u00e1menes relevantes en cada una de sus modalidades, el Internacional y el de la M\u00fasica Festera que suponen un trabajo y esfuerzo de las dos entidades que quiero agradecer\u201d. Ha concluido la edil de Cultura.<\/p>\n\n\n\n<p>| ALTEADIGITAL.ES<\/p>\n","protected":false},"excerpt":{"rendered":"<p>La concejala de Cultura y los presidentes de la SFA y SRM de Altea la Vella presentan la programaci\u00f3n [&hellip;]<\/p>\n","protected":false},"author":1,"featured_media":38591,"comment_status":"open","ping_status":"open","sticky":false,"template":"","format":"standard","meta":{"_expiration-date-status":"","_expiration-date":0,"_expiration-date-type":"","_expiration-date-categories":[],"_expiration-date-options":[],"footnotes":""},"yoast_head":"<!-- This site is optimized with the Yoast SEO plugin v22.8 - https:\/\/yoast.com\/wordpress\/plugins\/seo\/ -->\n<title>La festividad de Santa Cecilia colmar\u00e1 Altea y Altea la Vella de m\u00fasica de banda - Altea Cultural<\/title>\n<meta name=\"robots\" content=\"index, follow, max-snippet:-1, max-image-preview:large, max-video-preview:-1\" \/>\n<link rel=\"canonical\" href=\"https:\/\/www.alteacultural.com\/es\/2025\/11\/18\/la-festivitat-de-santa-cecilia-omplira-altea-i-altea-la-vella-de-musica-de-banda\/\" \/>\n<meta property=\"og:locale\" content=\"es_ES\" \/>\n<meta property=\"og:type\" content=\"article\" \/>\n<meta property=\"og:title\" content=\"La festividad de Santa Cecilia colmar\u00e1 Altea y Altea la Vella de m\u00fasica de banda - Altea Cultural\" \/>\n<meta property=\"og:description\" content=\"La concejala de Cultura y los presidentes de la SFA y SRM de Altea la Vella presentan la programaci\u00f3n [&hellip;]\" \/>\n<meta property=\"og:url\" content=\"https:\/\/www.alteacultural.com\/es\/2025\/11\/18\/la-festivitat-de-santa-cecilia-omplira-altea-i-altea-la-vella-de-musica-de-banda\/\" \/>\n<meta property=\"og:site_name\" content=\"Altea Cultural\" \/>\n<meta property=\"article:published_time\" content=\"2025-11-18T07:53:30+00:00\" \/>\n<meta property=\"article:modified_time\" content=\"2025-11-18T07:55:23+00:00\" \/>\n<meta property=\"og:image\" content=\"https:\/\/www.alteacultural.com\/wp-content\/uploads\/2025\/11\/Rp-Santa-Cecilia.jpg\" \/>\n\t<meta property=\"og:image:width\" content=\"1028\" \/>\n\t<meta property=\"og:image:height\" content=\"744\" \/>\n\t<meta property=\"og:image:type\" content=\"image\/jpeg\" \/>\n<meta name=\"author\" content=\"sfaltea.com-admin\" \/>\n<meta name=\"twitter:card\" content=\"summary_large_image\" \/>\n<meta name=\"twitter:label1\" content=\"Escrito por\" \/>\n\t<meta name=\"twitter:data1\" content=\"sfaltea.com-admin\" \/>\n\t<meta name=\"twitter:label2\" content=\"Tiempo de lectura\" \/>\n\t<meta name=\"twitter:data2\" content=\"5 minutos\" \/>\n<script type=\"application\/ld+json\" class=\"yoast-schema-graph\">{\"@context\":\"https:\/\/schema.org\",\"@graph\":[{\"@type\":\"WebPage\",\"@id\":\"https:\/\/www.alteacultural.com\/es\/2025\/11\/18\/la-festivitat-de-santa-cecilia-omplira-altea-i-altea-la-vella-de-musica-de-banda\/\",\"url\":\"https:\/\/www.alteacultural.com\/es\/2025\/11\/18\/la-festivitat-de-santa-cecilia-omplira-altea-i-altea-la-vella-de-musica-de-banda\/\",\"name\":\"La festividad de Santa Cecilia colmar\u00e1 Altea y Altea la Vella de m\u00fasica de banda - Altea Cultural\",\"isPartOf\":{\"@id\":\"https:\/\/www.alteacultural.com\/es\/#website\"},\"primaryImageOfPage\":{\"@id\":\"https:\/\/www.alteacultural.com\/es\/2025\/11\/18\/la-festivitat-de-santa-cecilia-omplira-altea-i-altea-la-vella-de-musica-de-banda\/#primaryimage\"},\"image\":{\"@id\":\"https:\/\/www.alteacultural.com\/es\/2025\/11\/18\/la-festivitat-de-santa-cecilia-omplira-altea-i-altea-la-vella-de-musica-de-banda\/#primaryimage\"},\"thumbnailUrl\":\"https:\/\/www.alteacultural.com\/wp-content\/uploads\/2025\/11\/Rp-Santa-Cecilia.jpg\",\"datePublished\":\"2025-11-18T07:53:30+00:00\",\"dateModified\":\"2025-11-18T07:55:23+00:00\",\"author\":{\"@id\":\"https:\/\/www.alteacultural.com\/es\/#\/schema\/person\/c4e137537f1af546d214a315255e5172\"},\"breadcrumb\":{\"@id\":\"https:\/\/www.alteacultural.com\/es\/2025\/11\/18\/la-festivitat-de-santa-cecilia-omplira-altea-i-altea-la-vella-de-musica-de-banda\/#breadcrumb\"},\"inLanguage\":\"es\",\"potentialAction\":[{\"@type\":\"ReadAction\",\"target\":[\"https:\/\/www.alteacultural.com\/es\/2025\/11\/18\/la-festivitat-de-santa-cecilia-omplira-altea-i-altea-la-vella-de-musica-de-banda\/\"]}]},{\"@type\":\"ImageObject\",\"inLanguage\":\"es\",\"@id\":\"https:\/\/www.alteacultural.com\/es\/2025\/11\/18\/la-festivitat-de-santa-cecilia-omplira-altea-i-altea-la-vella-de-musica-de-banda\/#primaryimage\",\"url\":\"https:\/\/www.alteacultural.com\/wp-content\/uploads\/2025\/11\/Rp-Santa-Cecilia.jpg\",\"contentUrl\":\"https:\/\/www.alteacultural.com\/wp-content\/uploads\/2025\/11\/Rp-Santa-Cecilia.jpg\",\"width\":1028,\"height\":744},{\"@type\":\"BreadcrumbList\",\"@id\":\"https:\/\/www.alteacultural.com\/es\/2025\/11\/18\/la-festivitat-de-santa-cecilia-omplira-altea-i-altea-la-vella-de-musica-de-banda\/#breadcrumb\",\"itemListElement\":[{\"@type\":\"ListItem\",\"position\":1,\"name\":\"Inici\",\"item\":\"https:\/\/www.alteacultural.com\/es\/\"},{\"@type\":\"ListItem\",\"position\":2,\"name\":\"La festividad de Santa Cecilia colmar\u00e1 Altea y Altea la Vella de m\u00fasica de banda\"}]},{\"@type\":\"WebSite\",\"@id\":\"https:\/\/www.alteacultural.com\/es\/#website\",\"url\":\"https:\/\/www.alteacultural.com\/es\/\",\"name\":\"Altea Cultural\",\"description\":\"Regidoria de Cultura de l&#039;Ajuntament d&#039;Altea\",\"potentialAction\":[{\"@type\":\"SearchAction\",\"target\":{\"@type\":\"EntryPoint\",\"urlTemplate\":\"https:\/\/www.alteacultural.com\/es\/?s={search_term_string}\"},\"query-input\":\"required name=search_term_string\"}],\"inLanguage\":\"es\"},{\"@type\":\"Person\",\"@id\":\"https:\/\/www.alteacultural.com\/es\/#\/schema\/person\/c4e137537f1af546d214a315255e5172\",\"name\":\"sfaltea.com-admin\",\"image\":{\"@type\":\"ImageObject\",\"inLanguage\":\"es\",\"@id\":\"https:\/\/www.alteacultural.com\/es\/#\/schema\/person\/image\/\",\"url\":\"https:\/\/secure.gravatar.com\/avatar\/f7473fa2fbd351270ccfd469de536202?s=96&d=mm&r=g\",\"contentUrl\":\"https:\/\/secure.gravatar.com\/avatar\/f7473fa2fbd351270ccfd469de536202?s=96&d=mm&r=g\",\"caption\":\"sfaltea.com-admin\"},\"url\":\"https:\/\/www.alteacultural.com\/es\/author\/sfaltea-com-admin\/\"}]}<\/script>\n<!-- \/ Yoast SEO plugin. -->","yoast_head_json":{"title":"La festividad de Santa Cecilia colmar\u00e1 Altea y Altea la Vella de m\u00fasica de banda - Altea Cultural","robots":{"index":"index","follow":"follow","max-snippet":"max-snippet:-1","max-image-preview":"max-image-preview:large","max-video-preview":"max-video-preview:-1"},"canonical":"https:\/\/www.alteacultural.com\/es\/2025\/11\/18\/la-festivitat-de-santa-cecilia-omplira-altea-i-altea-la-vella-de-musica-de-banda\/","og_locale":"es_ES","og_type":"article","og_title":"La festividad de Santa Cecilia colmar\u00e1 Altea y Altea la Vella de m\u00fasica de banda - Altea Cultural","og_description":"La concejala de Cultura y los presidentes de la SFA y SRM de Altea la Vella presentan la programaci\u00f3n [&hellip;]","og_url":"https:\/\/www.alteacultural.com\/es\/2025\/11\/18\/la-festivitat-de-santa-cecilia-omplira-altea-i-altea-la-vella-de-musica-de-banda\/","og_site_name":"Altea Cultural","article_published_time":"2025-11-18T07:53:30+00:00","article_modified_time":"2025-11-18T07:55:23+00:00","og_image":[{"width":1028,"height":744,"url":"https:\/\/www.alteacultural.com\/wp-content\/uploads\/2025\/11\/Rp-Santa-Cecilia.jpg","type":"image\/jpeg"}],"author":"sfaltea.com-admin","twitter_card":"summary_large_image","twitter_misc":{"Escrito por":"sfaltea.com-admin","Tiempo de lectura":"5 minutos"},"schema":{"@context":"https:\/\/schema.org","@graph":[{"@type":"WebPage","@id":"https:\/\/www.alteacultural.com\/es\/2025\/11\/18\/la-festivitat-de-santa-cecilia-omplira-altea-i-altea-la-vella-de-musica-de-banda\/","url":"https:\/\/www.alteacultural.com\/es\/2025\/11\/18\/la-festivitat-de-santa-cecilia-omplira-altea-i-altea-la-vella-de-musica-de-banda\/","name":"La festividad de Santa Cecilia colmar\u00e1 Altea y Altea la Vella de m\u00fasica de banda - Altea Cultural","isPartOf":{"@id":"https:\/\/www.alteacultural.com\/es\/#website"},"primaryImageOfPage":{"@id":"https:\/\/www.alteacultural.com\/es\/2025\/11\/18\/la-festivitat-de-santa-cecilia-omplira-altea-i-altea-la-vella-de-musica-de-banda\/#primaryimage"},"image":{"@id":"https:\/\/www.alteacultural.com\/es\/2025\/11\/18\/la-festivitat-de-santa-cecilia-omplira-altea-i-altea-la-vella-de-musica-de-banda\/#primaryimage"},"thumbnailUrl":"https:\/\/www.alteacultural.com\/wp-content\/uploads\/2025\/11\/Rp-Santa-Cecilia.jpg","datePublished":"2025-11-18T07:53:30+00:00","dateModified":"2025-11-18T07:55:23+00:00","author":{"@id":"https:\/\/www.alteacultural.com\/es\/#\/schema\/person\/c4e137537f1af546d214a315255e5172"},"breadcrumb":{"@id":"https:\/\/www.alteacultural.com\/es\/2025\/11\/18\/la-festivitat-de-santa-cecilia-omplira-altea-i-altea-la-vella-de-musica-de-banda\/#breadcrumb"},"inLanguage":"es","potentialAction":[{"@type":"ReadAction","target":["https:\/\/www.alteacultural.com\/es\/2025\/11\/18\/la-festivitat-de-santa-cecilia-omplira-altea-i-altea-la-vella-de-musica-de-banda\/"]}]},{"@type":"ImageObject","inLanguage":"es","@id":"https:\/\/www.alteacultural.com\/es\/2025\/11\/18\/la-festivitat-de-santa-cecilia-omplira-altea-i-altea-la-vella-de-musica-de-banda\/#primaryimage","url":"https:\/\/www.alteacultural.com\/wp-content\/uploads\/2025\/11\/Rp-Santa-Cecilia.jpg","contentUrl":"https:\/\/www.alteacultural.com\/wp-content\/uploads\/2025\/11\/Rp-Santa-Cecilia.jpg","width":1028,"height":744},{"@type":"BreadcrumbList","@id":"https:\/\/www.alteacultural.com\/es\/2025\/11\/18\/la-festivitat-de-santa-cecilia-omplira-altea-i-altea-la-vella-de-musica-de-banda\/#breadcrumb","itemListElement":[{"@type":"ListItem","position":1,"name":"Inici","item":"https:\/\/www.alteacultural.com\/es\/"},{"@type":"ListItem","position":2,"name":"La festividad de Santa Cecilia colmar\u00e1 Altea y Altea la Vella de m\u00fasica de banda"}]},{"@type":"WebSite","@id":"https:\/\/www.alteacultural.com\/es\/#website","url":"https:\/\/www.alteacultural.com\/es\/","name":"Altea Cultural","description":"Regidoria de Cultura de l&#039;Ajuntament d&#039;Altea","potentialAction":[{"@type":"SearchAction","target":{"@type":"EntryPoint","urlTemplate":"https:\/\/www.alteacultural.com\/es\/?s={search_term_string}"},"query-input":"required name=search_term_string"}],"inLanguage":"es"},{"@type":"Person","@id":"https:\/\/www.alteacultural.com\/es\/#\/schema\/person\/c4e137537f1af546d214a315255e5172","name":"sfaltea.com-admin","image":{"@type":"ImageObject","inLanguage":"es","@id":"https:\/\/www.alteacultural.com\/es\/#\/schema\/person\/image\/","url":"https:\/\/secure.gravatar.com\/avatar\/f7473fa2fbd351270ccfd469de536202?s=96&d=mm&r=g","contentUrl":"https:\/\/secure.gravatar.com\/avatar\/f7473fa2fbd351270ccfd469de536202?s=96&d=mm&r=g","caption":"sfaltea.com-admin"},"url":"https:\/\/www.alteacultural.com\/es\/author\/sfaltea-com-admin\/"}]}},"_links":{"self":[{"href":"https:\/\/www.alteacultural.com\/es\/wp-json\/wp\/v2\/posts\/38593"}],"collection":[{"href":"https:\/\/www.alteacultural.com\/es\/wp-json\/wp\/v2\/posts"}],"about":[{"href":"https:\/\/www.alteacultural.com\/es\/wp-json\/wp\/v2\/types\/post"}],"author":[{"embeddable":true,"href":"https:\/\/www.alteacultural.com\/es\/wp-json\/wp\/v2\/users\/1"}],"replies":[{"embeddable":true,"href":"https:\/\/www.alteacultural.com\/es\/wp-json\/wp\/v2\/comments?post=38593"}],"version-history":[{"count":1,"href":"https:\/\/www.alteacultural.com\/es\/wp-json\/wp\/v2\/posts\/38593\/revisions"}],"predecessor-version":[{"id":38595,"href":"https:\/\/www.alteacultural.com\/es\/wp-json\/wp\/v2\/posts\/38593\/revisions\/38595"}],"wp:featuredmedia":[{"embeddable":true,"href":"https:\/\/www.alteacultural.com\/es\/wp-json\/wp\/v2\/media\/38591"}],"wp:attachment":[{"href":"https:\/\/www.alteacultural.com\/es\/wp-json\/wp\/v2\/media?parent=38593"}],"curies":[{"name":"wp","href":"https:\/\/api.w.org\/{rel}","templated":true}]}}