{"id":38602,"date":"2025-11-18T09:00:27","date_gmt":"2025-11-18T08:00:27","guid":{"rendered":"https:\/\/www.alteacultural.com\/2025\/11\/18\/el-certamen-de-musica-festera-daltea-la-vella-ja-coneix-les-seues-bandes-participants\/"},"modified":"2025-11-18T09:02:31","modified_gmt":"2025-11-18T08:02:31","slug":"el-certamen-de-musica-festera-daltea-la-vella-ja-coneix-les-seues-bandes-participants","status":"publish","type":"post","link":"https:\/\/www.alteacultural.com\/es\/2025\/11\/18\/el-certamen-de-musica-festera-daltea-la-vella-ja-coneix-les-seues-bandes-participants\/","title":{"rendered":"El Certamen de M\u00fasica Festera de Altea la Vella ya conoce sus bandas participantes"},"content":{"rendered":"\n<figure class=\"wp-block-image size-full\"><img fetchpriority=\"high\" decoding=\"async\" width=\"1028\" height=\"771\" src=\"https:\/\/www.alteacultural.com\/wp-content\/uploads\/2025\/11\/grup-sorteig-certamen-AV-web.jpg\" alt=\"\" class=\"wp-image-38597\" srcset=\"https:\/\/www.alteacultural.com\/wp-content\/uploads\/2025\/11\/grup-sorteig-certamen-AV-web.jpg 1028w, https:\/\/www.alteacultural.com\/wp-content\/uploads\/2025\/11\/grup-sorteig-certamen-AV-web-768x576.jpg 768w\" sizes=\"(max-width: 1028px) 100vw, 1028px\" \/><\/figure>\n\n\n\n<p><strong>La Sociedat Musical l\u2019Alianza de Mutxamel, la Banda Simf\u00f2nica d\u2019Ontinyent y la Agrupaci\u00f3 Art\u00edstico Musical Santa B\u00e0rbara de Piles ser\u00e1n las concursantes el 14 de febrero de 2026.<\/strong><\/p>\n\n\n\n<p>Durante este fin de semana en honor a Santa Cecilia y como es costumbre, la \u2018Societat Recreativa Musical d\u2019Altea la Vella\u2019 ha celebrado el sorteo de participaci\u00f3n en su Certamen de M\u00fasica Festera. La suerte ha dictaminado que sean la \u2018Sociedad Musical l\u2019Alianza de Mutxamel\u2019, \u2018la Banda Simf\u00f2nica d\u2019Ontinyent, Tot per la M\u00fasica\u2019 y la \u2018Agrupaci\u00f3 Art\u00edstico Musical Santa B\u00e0rbara de Piles\u2019 las que el d\u00eda 14 de febrero de 2026, a partir de las 17:00h, protagonicen el XVI Certamen de M\u00fasica Festera de Altea la Vella.<\/p>\n\n\n\n<figure class=\"wp-block-image size-full\"><img decoding=\"async\" width=\"1028\" height=\"682\" data-src=\"https:\/\/www.alteacultural.com\/wp-content\/uploads\/2025\/11\/sorteig-bandes-certamen-AV-2-web.jpg\" alt=\"\" class=\"wp-image-38599 lazyload\" data-srcset=\"https:\/\/www.alteacultural.com\/wp-content\/uploads\/2025\/11\/sorteig-bandes-certamen-AV-2-web.jpg 1028w, https:\/\/www.alteacultural.com\/wp-content\/uploads\/2025\/11\/sorteig-bandes-certamen-AV-2-web-768x510.jpg 768w, https:\/\/www.alteacultural.com\/wp-content\/uploads\/2025\/11\/sorteig-bandes-certamen-AV-2-web-391x260.jpg 391w\" data-sizes=\"(max-width: 1028px) 100vw, 1028px\" src=\"data:image\/gif;base64,R0lGODlhAQABAAAAACH5BAEKAAEALAAAAAABAAEAAAICTAEAOw==\" style=\"--smush-placeholder-width: 1028px; --smush-placeholder-aspect-ratio: 1028\/682;\" \/><\/figure>\n\n\n\n<p>La obra obligada de esta edici\u00f3n ser\u00e1 \u201875 anys amb Pepe\u2019, una marcha cristiana compuesta expresamente para el certamen por el compositor V\u00edctor Vall\u00e9s Forn\u00e9s. La pieza est\u00e1 dedicada a Jos\u00e9 Ronda, \u2018Pepe Botifarra\u2019, quien este a\u00f1o cumple 75 a\u00f1os como m\u00fasico dentro de la SRM de Altea la Vella; un recorrido art\u00edstico que la sociedad ha querido reconocer de forma especial.<\/p>\n\n\n\n<p>El Ayuntamiento de Altea, a trav\u00e9s de la Concejal\u00eda de Cultura, ha manifestado su firme apuesta por la promoci\u00f3n cultural y musical del municipio. En esta l\u00ednea, el certamen \u2014que en ediciones anteriores se convocaba de forma bienal\u2014 volver\u00e1 a celebrarse anualmente, reforzando as\u00ed su presencia dentro del calendario musical valenciano.<\/p>\n\n\n\n<p>Como responsable municipal de Cultura, Pepa V. P\u00e9rez ha destacado que \u201cpara el Ayuntamiento es una prioridad apoyar a nuestras sociedades musicales y fomentar eventos que pongan en valor el talento local y valenciano. Recuperar la periodicidad anual del certamen es una muestra de la apuesta decidida por la cultura, por la m\u00fasica festera y por el papel fundamental que desempe\u00f1an las bandas en la vida de nuestro pueblo.\u201d<\/p>\n\n\n\n<p>El presidente de la SRM de Altea la Vella, Juan Antonio Ba\u00f1uls, ha subrayado la importancia de este evento para la entidad: \u201cnuestro certamen se ha convertido en un punto de encuentro indispensable para las bandas de m\u00fasica festera. Este a\u00f1o, adem\u00e1s, tenemos el honor de contar con una obra dedicada a uno de los m\u00fasicos m\u00e1s queridos de nuestra banda\u201d. A lo que ha a\u00f1adido, \u201ccontinuaremos trabajando para que el certamen crezca y sea un referente dentro del panorama musical.\u201d<\/p>\n\n\n\n<p>Al acto del sorteo tambi\u00e9n asistieron miembros de la junta directiva, el director de la sociedad, David Pont; as\u00ed como miembros del consejo rector de la Fundaci\u00f3n Caixaltea, entidad patrocinadora del segundo premio del certamen. Todos ellos destacaron la alta calidad de las bandas inscritas y la ilusi\u00f3n que despierta esta nueva edici\u00f3n.<\/p>\n\n\n\n<p>| ALTEADIGITAL.ES<\/p>\n","protected":false},"excerpt":{"rendered":"<p>La Sociedat Musical l\u2019Alianza de Mutxamel, la Banda Simf\u00f2nica d\u2019Ontinyent y la Agrupaci\u00f3 Art\u00edstico Musical Santa B\u00e0rbara de Piles [&hellip;]<\/p>\n","protected":false},"author":1,"featured_media":38598,"comment_status":"open","ping_status":"open","sticky":false,"template":"","format":"standard","meta":{"_expiration-date-status":"","_expiration-date":0,"_expiration-date-type":"","_expiration-date-categories":[],"_expiration-date-options":[],"footnotes":""},"yoast_head":"<!-- This site is optimized with the Yoast SEO plugin v22.8 - https:\/\/yoast.com\/wordpress\/plugins\/seo\/ -->\n<title>El Certamen de M\u00fasica Festera de Altea la Vella ya conoce sus bandas participantes - Altea Cultural<\/title>\n<meta name=\"robots\" content=\"index, follow, max-snippet:-1, max-image-preview:large, max-video-preview:-1\" \/>\n<link rel=\"canonical\" href=\"https:\/\/www.alteacultural.com\/es\/2025\/11\/18\/el-certamen-de-musica-festera-daltea-la-vella-ja-coneix-les-seues-bandes-participants\/\" \/>\n<meta property=\"og:locale\" content=\"es_ES\" \/>\n<meta property=\"og:type\" content=\"article\" \/>\n<meta property=\"og:title\" content=\"El Certamen de M\u00fasica Festera de Altea la Vella ya conoce sus bandas participantes - Altea Cultural\" \/>\n<meta property=\"og:description\" content=\"La Sociedat Musical l\u2019Alianza de Mutxamel, la Banda Simf\u00f2nica d\u2019Ontinyent y la Agrupaci\u00f3 Art\u00edstico Musical Santa B\u00e0rbara de Piles [&hellip;]\" \/>\n<meta property=\"og:url\" content=\"https:\/\/www.alteacultural.com\/es\/2025\/11\/18\/el-certamen-de-musica-festera-daltea-la-vella-ja-coneix-les-seues-bandes-participants\/\" \/>\n<meta property=\"og:site_name\" content=\"Altea Cultural\" \/>\n<meta property=\"article:published_time\" content=\"2025-11-18T08:00:27+00:00\" \/>\n<meta property=\"article:modified_time\" content=\"2025-11-18T08:02:31+00:00\" \/>\n<meta property=\"og:image\" content=\"https:\/\/www.alteacultural.com\/wp-content\/uploads\/2025\/11\/grup-sorteig-certamen-AV-web.jpg\" \/>\n\t<meta property=\"og:image:width\" content=\"1028\" \/>\n\t<meta property=\"og:image:height\" content=\"771\" \/>\n\t<meta property=\"og:image:type\" content=\"image\/jpeg\" \/>\n<meta name=\"author\" content=\"sfaltea.com-admin\" \/>\n<meta name=\"twitter:card\" content=\"summary_large_image\" \/>\n<meta name=\"twitter:label1\" content=\"Escrito por\" \/>\n\t<meta name=\"twitter:data1\" content=\"sfaltea.com-admin\" \/>\n\t<meta name=\"twitter:label2\" content=\"Tiempo de lectura\" \/>\n\t<meta name=\"twitter:data2\" content=\"3 minutos\" \/>\n<script type=\"application\/ld+json\" class=\"yoast-schema-graph\">{\"@context\":\"https:\/\/schema.org\",\"@graph\":[{\"@type\":\"WebPage\",\"@id\":\"https:\/\/www.alteacultural.com\/es\/2025\/11\/18\/el-certamen-de-musica-festera-daltea-la-vella-ja-coneix-les-seues-bandes-participants\/\",\"url\":\"https:\/\/www.alteacultural.com\/es\/2025\/11\/18\/el-certamen-de-musica-festera-daltea-la-vella-ja-coneix-les-seues-bandes-participants\/\",\"name\":\"El Certamen de M\u00fasica Festera de Altea la Vella ya conoce sus bandas participantes - Altea Cultural\",\"isPartOf\":{\"@id\":\"https:\/\/www.alteacultural.com\/es\/#website\"},\"primaryImageOfPage\":{\"@id\":\"https:\/\/www.alteacultural.com\/es\/2025\/11\/18\/el-certamen-de-musica-festera-daltea-la-vella-ja-coneix-les-seues-bandes-participants\/#primaryimage\"},\"image\":{\"@id\":\"https:\/\/www.alteacultural.com\/es\/2025\/11\/18\/el-certamen-de-musica-festera-daltea-la-vella-ja-coneix-les-seues-bandes-participants\/#primaryimage\"},\"thumbnailUrl\":\"https:\/\/www.alteacultural.com\/wp-content\/uploads\/2025\/11\/grup-sorteig-certamen-AV-web.jpg\",\"datePublished\":\"2025-11-18T08:00:27+00:00\",\"dateModified\":\"2025-11-18T08:02:31+00:00\",\"author\":{\"@id\":\"https:\/\/www.alteacultural.com\/es\/#\/schema\/person\/c4e137537f1af546d214a315255e5172\"},\"breadcrumb\":{\"@id\":\"https:\/\/www.alteacultural.com\/es\/2025\/11\/18\/el-certamen-de-musica-festera-daltea-la-vella-ja-coneix-les-seues-bandes-participants\/#breadcrumb\"},\"inLanguage\":\"es\",\"potentialAction\":[{\"@type\":\"ReadAction\",\"target\":[\"https:\/\/www.alteacultural.com\/es\/2025\/11\/18\/el-certamen-de-musica-festera-daltea-la-vella-ja-coneix-les-seues-bandes-participants\/\"]}]},{\"@type\":\"ImageObject\",\"inLanguage\":\"es\",\"@id\":\"https:\/\/www.alteacultural.com\/es\/2025\/11\/18\/el-certamen-de-musica-festera-daltea-la-vella-ja-coneix-les-seues-bandes-participants\/#primaryimage\",\"url\":\"https:\/\/www.alteacultural.com\/wp-content\/uploads\/2025\/11\/grup-sorteig-certamen-AV-web.jpg\",\"contentUrl\":\"https:\/\/www.alteacultural.com\/wp-content\/uploads\/2025\/11\/grup-sorteig-certamen-AV-web.jpg\",\"width\":1028,\"height\":771},{\"@type\":\"BreadcrumbList\",\"@id\":\"https:\/\/www.alteacultural.com\/es\/2025\/11\/18\/el-certamen-de-musica-festera-daltea-la-vella-ja-coneix-les-seues-bandes-participants\/#breadcrumb\",\"itemListElement\":[{\"@type\":\"ListItem\",\"position\":1,\"name\":\"Inici\",\"item\":\"https:\/\/www.alteacultural.com\/es\/\"},{\"@type\":\"ListItem\",\"position\":2,\"name\":\"El Certamen de M\u00fasica Festera de Altea la Vella ya conoce sus bandas participantes\"}]},{\"@type\":\"WebSite\",\"@id\":\"https:\/\/www.alteacultural.com\/es\/#website\",\"url\":\"https:\/\/www.alteacultural.com\/es\/\",\"name\":\"Altea Cultural\",\"description\":\"Regidoria de Cultura de l&#039;Ajuntament d&#039;Altea\",\"potentialAction\":[{\"@type\":\"SearchAction\",\"target\":{\"@type\":\"EntryPoint\",\"urlTemplate\":\"https:\/\/www.alteacultural.com\/es\/?s={search_term_string}\"},\"query-input\":\"required name=search_term_string\"}],\"inLanguage\":\"es\"},{\"@type\":\"Person\",\"@id\":\"https:\/\/www.alteacultural.com\/es\/#\/schema\/person\/c4e137537f1af546d214a315255e5172\",\"name\":\"sfaltea.com-admin\",\"image\":{\"@type\":\"ImageObject\",\"inLanguage\":\"es\",\"@id\":\"https:\/\/www.alteacultural.com\/es\/#\/schema\/person\/image\/\",\"url\":\"https:\/\/secure.gravatar.com\/avatar\/f7473fa2fbd351270ccfd469de536202?s=96&d=mm&r=g\",\"contentUrl\":\"https:\/\/secure.gravatar.com\/avatar\/f7473fa2fbd351270ccfd469de536202?s=96&d=mm&r=g\",\"caption\":\"sfaltea.com-admin\"},\"url\":\"https:\/\/www.alteacultural.com\/es\/author\/sfaltea-com-admin\/\"}]}<\/script>\n<!-- \/ Yoast SEO plugin. -->","yoast_head_json":{"title":"El Certamen de M\u00fasica Festera de Altea la Vella ya conoce sus bandas participantes - Altea Cultural","robots":{"index":"index","follow":"follow","max-snippet":"max-snippet:-1","max-image-preview":"max-image-preview:large","max-video-preview":"max-video-preview:-1"},"canonical":"https:\/\/www.alteacultural.com\/es\/2025\/11\/18\/el-certamen-de-musica-festera-daltea-la-vella-ja-coneix-les-seues-bandes-participants\/","og_locale":"es_ES","og_type":"article","og_title":"El Certamen de M\u00fasica Festera de Altea la Vella ya conoce sus bandas participantes - Altea Cultural","og_description":"La Sociedat Musical l\u2019Alianza de Mutxamel, la Banda Simf\u00f2nica d\u2019Ontinyent y la Agrupaci\u00f3 Art\u00edstico Musical Santa B\u00e0rbara de Piles [&hellip;]","og_url":"https:\/\/www.alteacultural.com\/es\/2025\/11\/18\/el-certamen-de-musica-festera-daltea-la-vella-ja-coneix-les-seues-bandes-participants\/","og_site_name":"Altea Cultural","article_published_time":"2025-11-18T08:00:27+00:00","article_modified_time":"2025-11-18T08:02:31+00:00","og_image":[{"width":1028,"height":771,"url":"https:\/\/www.alteacultural.com\/wp-content\/uploads\/2025\/11\/grup-sorteig-certamen-AV-web.jpg","type":"image\/jpeg"}],"author":"sfaltea.com-admin","twitter_card":"summary_large_image","twitter_misc":{"Escrito por":"sfaltea.com-admin","Tiempo de lectura":"3 minutos"},"schema":{"@context":"https:\/\/schema.org","@graph":[{"@type":"WebPage","@id":"https:\/\/www.alteacultural.com\/es\/2025\/11\/18\/el-certamen-de-musica-festera-daltea-la-vella-ja-coneix-les-seues-bandes-participants\/","url":"https:\/\/www.alteacultural.com\/es\/2025\/11\/18\/el-certamen-de-musica-festera-daltea-la-vella-ja-coneix-les-seues-bandes-participants\/","name":"El Certamen de M\u00fasica Festera de Altea la Vella ya conoce sus bandas participantes - Altea Cultural","isPartOf":{"@id":"https:\/\/www.alteacultural.com\/es\/#website"},"primaryImageOfPage":{"@id":"https:\/\/www.alteacultural.com\/es\/2025\/11\/18\/el-certamen-de-musica-festera-daltea-la-vella-ja-coneix-les-seues-bandes-participants\/#primaryimage"},"image":{"@id":"https:\/\/www.alteacultural.com\/es\/2025\/11\/18\/el-certamen-de-musica-festera-daltea-la-vella-ja-coneix-les-seues-bandes-participants\/#primaryimage"},"thumbnailUrl":"https:\/\/www.alteacultural.com\/wp-content\/uploads\/2025\/11\/grup-sorteig-certamen-AV-web.jpg","datePublished":"2025-11-18T08:00:27+00:00","dateModified":"2025-11-18T08:02:31+00:00","author":{"@id":"https:\/\/www.alteacultural.com\/es\/#\/schema\/person\/c4e137537f1af546d214a315255e5172"},"breadcrumb":{"@id":"https:\/\/www.alteacultural.com\/es\/2025\/11\/18\/el-certamen-de-musica-festera-daltea-la-vella-ja-coneix-les-seues-bandes-participants\/#breadcrumb"},"inLanguage":"es","potentialAction":[{"@type":"ReadAction","target":["https:\/\/www.alteacultural.com\/es\/2025\/11\/18\/el-certamen-de-musica-festera-daltea-la-vella-ja-coneix-les-seues-bandes-participants\/"]}]},{"@type":"ImageObject","inLanguage":"es","@id":"https:\/\/www.alteacultural.com\/es\/2025\/11\/18\/el-certamen-de-musica-festera-daltea-la-vella-ja-coneix-les-seues-bandes-participants\/#primaryimage","url":"https:\/\/www.alteacultural.com\/wp-content\/uploads\/2025\/11\/grup-sorteig-certamen-AV-web.jpg","contentUrl":"https:\/\/www.alteacultural.com\/wp-content\/uploads\/2025\/11\/grup-sorteig-certamen-AV-web.jpg","width":1028,"height":771},{"@type":"BreadcrumbList","@id":"https:\/\/www.alteacultural.com\/es\/2025\/11\/18\/el-certamen-de-musica-festera-daltea-la-vella-ja-coneix-les-seues-bandes-participants\/#breadcrumb","itemListElement":[{"@type":"ListItem","position":1,"name":"Inici","item":"https:\/\/www.alteacultural.com\/es\/"},{"@type":"ListItem","position":2,"name":"El Certamen de M\u00fasica Festera de Altea la Vella ya conoce sus bandas participantes"}]},{"@type":"WebSite","@id":"https:\/\/www.alteacultural.com\/es\/#website","url":"https:\/\/www.alteacultural.com\/es\/","name":"Altea Cultural","description":"Regidoria de Cultura de l&#039;Ajuntament d&#039;Altea","potentialAction":[{"@type":"SearchAction","target":{"@type":"EntryPoint","urlTemplate":"https:\/\/www.alteacultural.com\/es\/?s={search_term_string}"},"query-input":"required name=search_term_string"}],"inLanguage":"es"},{"@type":"Person","@id":"https:\/\/www.alteacultural.com\/es\/#\/schema\/person\/c4e137537f1af546d214a315255e5172","name":"sfaltea.com-admin","image":{"@type":"ImageObject","inLanguage":"es","@id":"https:\/\/www.alteacultural.com\/es\/#\/schema\/person\/image\/","url":"https:\/\/secure.gravatar.com\/avatar\/f7473fa2fbd351270ccfd469de536202?s=96&d=mm&r=g","contentUrl":"https:\/\/secure.gravatar.com\/avatar\/f7473fa2fbd351270ccfd469de536202?s=96&d=mm&r=g","caption":"sfaltea.com-admin"},"url":"https:\/\/www.alteacultural.com\/es\/author\/sfaltea-com-admin\/"}]}},"_links":{"self":[{"href":"https:\/\/www.alteacultural.com\/es\/wp-json\/wp\/v2\/posts\/38602"}],"collection":[{"href":"https:\/\/www.alteacultural.com\/es\/wp-json\/wp\/v2\/posts"}],"about":[{"href":"https:\/\/www.alteacultural.com\/es\/wp-json\/wp\/v2\/types\/post"}],"author":[{"embeddable":true,"href":"https:\/\/www.alteacultural.com\/es\/wp-json\/wp\/v2\/users\/1"}],"replies":[{"embeddable":true,"href":"https:\/\/www.alteacultural.com\/es\/wp-json\/wp\/v2\/comments?post=38602"}],"version-history":[{"count":1,"href":"https:\/\/www.alteacultural.com\/es\/wp-json\/wp\/v2\/posts\/38602\/revisions"}],"predecessor-version":[{"id":38604,"href":"https:\/\/www.alteacultural.com\/es\/wp-json\/wp\/v2\/posts\/38602\/revisions\/38604"}],"wp:featuredmedia":[{"embeddable":true,"href":"https:\/\/www.alteacultural.com\/es\/wp-json\/wp\/v2\/media\/38598"}],"wp:attachment":[{"href":"https:\/\/www.alteacultural.com\/es\/wp-json\/wp\/v2\/media?parent=38602"}],"curies":[{"name":"wp","href":"https:\/\/api.w.org\/{rel}","templated":true}]}}