{"id":38676,"date":"2025-11-27T14:00:07","date_gmt":"2025-11-27T13:00:07","guid":{"rendered":"https:\/\/www.alteacultural.com\/2025\/11\/27\/lavl-i-lajuntament-daltea-firmen-un-conveni-de-collaboracio-per-a-promoure-lus-del-valencia-en-tots-els-ambits-publics\/"},"modified":"2025-11-27T14:10:19","modified_gmt":"2025-11-27T13:10:19","slug":"lavl-i-lajuntament-daltea-firmen-un-conveni-de-collaboracio-per-a-promoure-lus-del-valencia-en-tots-els-ambits-publics","status":"publish","type":"post","link":"https:\/\/www.alteacultural.com\/es\/2025\/11\/27\/lavl-i-lajuntament-daltea-firmen-un-conveni-de-collaboracio-per-a-promoure-lus-del-valencia-en-tots-els-ambits-publics\/","title":{"rendered":"La AVL y el Ayuntamiento de Altea firman un convenio de colaboraci\u00f3n para promover el uso del valenciano en todos los \u00e1mbitos p\u00fablicos"},"content":{"rendered":"\n<figure class=\"wp-block-image size-full\"><img fetchpriority=\"high\" decoding=\"async\" width=\"1028\" height=\"620\" src=\"https:\/\/www.alteacultural.com\/wp-content\/uploads\/2025\/11\/firma-conveni-amb-lAVL-1.jpg\" alt=\"\" class=\"wp-image-38669\" srcset=\"https:\/\/www.alteacultural.com\/wp-content\/uploads\/2025\/11\/firma-conveni-amb-lAVL-1.jpg 1028w, https:\/\/www.alteacultural.com\/wp-content\/uploads\/2025\/11\/firma-conveni-amb-lAVL-1-768x463.jpg 768w\" sizes=\"(max-width: 1028px) 100vw, 1028px\" \/><\/figure>\n\n\n\n<p><strong>El acuerdo prev\u00e9 el mantenimiento de la oficina de promoci\u00f3n ling\u00fc\u00edstica y acciones concretas en toponimia, se\u00f1alizaci\u00f3n, formaci\u00f3n y cultura, de la mano de la instituci\u00f3n normativa del valenciano.<\/strong><\/p>\n\n\n\n<p>La Acad\u00e8mia Valenciana de la Llengua y el Ayuntamiento de Altea han firmado un convenio de colaboraci\u00f3n para llevar a cabo conjuntamente actuaciones de promoci\u00f3n del valenciano en el municipio. El acto de la firma se ha celebrado en la Casa de la Cultura, con la participaci\u00f3n de la presidenta de la Academia, Ver\u00f2nica Cant\u00f3; la acad\u00e9mica M. \u00c0ngels Franc\u00e9s; el alcalde de Altea, Diego Zaragoz\u00ed, y las ediles de Cultura, Pepa Victoria P\u00e9rez, y de Normalizaci\u00f3n Ling\u00fc\u00edstica, Xelo Gonz\u00e1lez.<\/p>\n\n\n\n<p>En el transcurso del acto, Ver\u00f2nica Cant\u00f3 ha comentado, \u201ces un placer estar hoy aqu\u00ed en Altea. Un pueblo que siempre ha acogido la AVL con los brazos abiertos y recordamos con mucha estima los dos a\u00f1os que celebramos Carmelina S\u00e1nchez-Cutillas, su obra y los descubrimientos que se hicieron y Altea fue una de las protagonistas del a\u00f1o, sin duda\u201d.<\/p>\n\n\n\n<p>Respecto al convenio, Cant\u00f3 ha se\u00f1alado que \u201cel hecho de firmar hoy este convenio de colaboraci\u00f3n entre el Ayuntamiento de Altea y la Acad\u00e8mia Valenciana de la Llengua para promocionar el valenciano significa sentir el soporte, el respeto y la estima de un pueblo como Altea y eso, no es solo muy agradecido y de mucho agradecer, sino que es una de las vocaciones de las dos instituciones y una clara vocaci\u00f3n de servicio p\u00fablico\u201d.<\/p>\n\n\n\n<p>Por su parte, el Alcalde ha manifestado satisfacci\u00f3n por la visita de las integrantes de la AVL y ha declarado: \u201cfirmar este convenio, que no significa s\u00f3lo una simbolog\u00eda, sino que representa la importancia que tiene ir de la mano desde la parte pol\u00edtica, de gesti\u00f3n y acad\u00e9mica\u201d. \u201cAltea es un pueblo evidentemente valenciano, que quiere mantener sus tradiciones, que hemos conseguido vivir en armon\u00eda con las personas que han venido de otros lugares sin que la gente encuentre a faltar su autoestima\u201d. Ha a\u00f1adido Zaragoz\u00ed.<\/p>\n\n\n\n<p>El primer edil alteano ha aprovechado para reivindicar \u201cla necesidad de que la AVL tenga el reconocimiento que se merece, por el trabajo que realiza con dignidad, y no deber\u00eda ser un tema del que se hiciese uso pol\u00edtico, sino que se debe dejar a los acad\u00e9micos su gesti\u00f3n porque es absolutamente necesaria\u201d.<\/p>\n\n\n\n<p>Diego Zaragoz\u00ed ha concluido su intervenci\u00f3n agradeciendo la permanente colaboraci\u00f3n con la AVL \u201cque siempre nos ha extendido la mano cuando nos ha hecho falta\u201d.<\/p>\n\n\n\n<figure class=\"wp-block-image size-full\"><img decoding=\"async\" width=\"980\" height=\"768\" data-src=\"https:\/\/www.alteacultural.com\/wp-content\/uploads\/2025\/11\/firma-amb-AVL-3-980x768-1.jpg\" alt=\"\" class=\"wp-image-38671 lazyload\" data-srcset=\"https:\/\/www.alteacultural.com\/wp-content\/uploads\/2025\/11\/firma-amb-AVL-3-980x768-1.jpg 980w, https:\/\/www.alteacultural.com\/wp-content\/uploads\/2025\/11\/firma-amb-AVL-3-980x768-1-768x602.jpg 768w\" data-sizes=\"(max-width: 980px) 100vw, 980px\" src=\"data:image\/gif;base64,R0lGODlhAQABAAAAACH5BAEKAAEALAAAAAABAAEAAAICTAEAOw==\" style=\"--smush-placeholder-width: 980px; --smush-placeholder-aspect-ratio: 980\/768;\" \/><\/figure>\n\n\n\n<p>El convenio, que tendr\u00e1 una vigencia inicial de cuatro a\u00f1os, incluye compromisos del consistorio para actualizar y mantener el nomenclador oficial de las v\u00edas urbanas del municipio en valenciano; para rotular en valenciano las calles principales y la toponimia local m\u00e1s representativa, as\u00ed como la se\u00f1alizaci\u00f3n de las oficinas y dependencias municipales donde todav\u00eda no se haya hecho; para ofrecer la versi\u00f3n valenciana en la p\u00e1gina web del ayuntamiento y otorgar al valenciano posicionamiento preferente. As\u00ed mismo, se compromete a mantener la oficina de promoci\u00f3n ling\u00fc\u00edstica dotada de un t\u00e9cnico ling\u00fc\u00edstico y a ofrecer al menos un 50% de la programaci\u00f3n cultural en valenciano. El convenio tambi\u00e9n prev\u00e9 que el consistorio organice campa\u00f1as de promoci\u00f3n y sensibilizaci\u00f3n ling\u00fc\u00edstica; fomente la presencia del valenciano en toda clase de manifestaciones deportivas, incluidas las profesionales, y clasifique los puestos de trabajo con un determinado nivel de conocimientos de valenciano de acuerdo con los certificados de la Junta Qualificadora de Coneixements de Valenci\u00e0.<\/p>\n\n\n\n<p>Por su parte, la Academia se compromete a ofrecer asesoramiento ling\u00fc\u00edstico y jur\u00eddico sobre el nomenclador oficial de las v\u00edas urbanas, la rotulaci\u00f3n de las calles y del resto de la toponimia local, as\u00ed como a asesorar ling\u00fc\u00edsticamente a la Federaci\u00f3n de Moros y Cristianos; a proporcionarles publicaciones de la instituci\u00f3n a las bibliotecas municipales; a designar un acad\u00e9mico en los Premios Altea de Literatura e investigaci\u00f3n que organice en el futuro el consistorio y a poner a disposici\u00f3n del Ayuntamiento la programaci\u00f3n propia (como por ejemplo exposiciones itinerantes y presentaciones de libros). Adem\u00e1s, el convenio contempla la incorporaci\u00f3n preferente de los alumnos de las escuelas e institutos de Altea en los programas de difusi\u00f3n de la lengua y la literatura organizados por la AVL y a incluir el municipio en todas las campa\u00f1as de fomento del valenciano de la AVL.<\/p>\n\n\n\n<p>Los otros ayuntamientos con los cuales la AVL ha firmado acuerdos de colaboraci\u00f3n son: Vila-real, Algemes\u00ed, Alzira, Benicarl\u00f3, Vinar\u00f2s, D\u00e9nia, Val\u00e8ncia, Montserrat, Burriana, Elche, Alcoy, l\u2019Alc\u00fadia, Ontinyent, Cocentaina, Moncada, Picassent, Muro de Alcoy y la Vall d\u2019Uix\u00f3.<\/p>\n\n\n\n<figure class=\"wp-block-image size-full\"><img decoding=\"async\" width=\"980\" height=\"617\" data-src=\"https:\/\/www.alteacultural.com\/wp-content\/uploads\/2025\/11\/firma-conveni-AVL-2-980x617-1.jpg\" alt=\"\" class=\"wp-image-38673 lazyload\" data-srcset=\"https:\/\/www.alteacultural.com\/wp-content\/uploads\/2025\/11\/firma-conveni-AVL-2-980x617-1.jpg 980w, https:\/\/www.alteacultural.com\/wp-content\/uploads\/2025\/11\/firma-conveni-AVL-2-980x617-1-768x484.jpg 768w\" data-sizes=\"(max-width: 980px) 100vw, 980px\" src=\"data:image\/gif;base64,R0lGODlhAQABAAAAACH5BAEKAAEALAAAAAABAAEAAAICTAEAOw==\" style=\"--smush-placeholder-width: 980px; --smush-placeholder-aspect-ratio: 980\/617;\" \/><\/figure>\n\n\n\n<p>| ALTEADIGITAL.ES<\/p>\n","protected":false},"excerpt":{"rendered":"<p>El acuerdo prev\u00e9 el mantenimiento de la oficina de promoci\u00f3n ling\u00fc\u00edstica y acciones concretas en toponimia, se\u00f1alizaci\u00f3n, formaci\u00f3n y [&hellip;]<\/p>\n","protected":false},"author":1,"featured_media":38670,"comment_status":"open","ping_status":"open","sticky":false,"template":"","format":"standard","meta":{"_expiration-date-status":"","_expiration-date":1764249007,"_expiration-date-type":"draft","_expiration-date-categories":[],"_expiration-date-options":[],"footnotes":""},"yoast_head":"<!-- This site is optimized with the Yoast SEO plugin v22.8 - https:\/\/yoast.com\/wordpress\/plugins\/seo\/ -->\n<title>La AVL y el Ayuntamiento de Altea firman un convenio de colaboraci\u00f3n para promover el uso del valenciano en todos los \u00e1mbitos p\u00fablicos - Altea Cultural<\/title>\n<meta name=\"robots\" content=\"index, follow, max-snippet:-1, max-image-preview:large, max-video-preview:-1\" \/>\n<link rel=\"canonical\" href=\"https:\/\/www.alteacultural.com\/es\/2025\/11\/27\/lavl-i-lajuntament-daltea-firmen-un-conveni-de-collaboracio-per-a-promoure-lus-del-valencia-en-tots-els-ambits-publics\/\" \/>\n<meta property=\"og:locale\" content=\"es_ES\" \/>\n<meta property=\"og:type\" content=\"article\" \/>\n<meta property=\"og:title\" content=\"La AVL y el Ayuntamiento de Altea firman un convenio de colaboraci\u00f3n para promover el uso del valenciano en todos los \u00e1mbitos p\u00fablicos - Altea Cultural\" \/>\n<meta property=\"og:description\" content=\"El acuerdo prev\u00e9 el mantenimiento de la oficina de promoci\u00f3n ling\u00fc\u00edstica y acciones concretas en toponimia, se\u00f1alizaci\u00f3n, formaci\u00f3n y [&hellip;]\" \/>\n<meta property=\"og:url\" content=\"https:\/\/www.alteacultural.com\/es\/2025\/11\/27\/lavl-i-lajuntament-daltea-firmen-un-conveni-de-collaboracio-per-a-promoure-lus-del-valencia-en-tots-els-ambits-publics\/\" \/>\n<meta property=\"og:site_name\" content=\"Altea Cultural\" \/>\n<meta property=\"article:published_time\" content=\"2025-11-27T13:00:07+00:00\" \/>\n<meta property=\"article:modified_time\" content=\"2025-11-27T13:10:19+00:00\" \/>\n<meta property=\"og:image\" content=\"https:\/\/www.alteacultural.com\/wp-content\/uploads\/2025\/11\/firma-conveni-amb-lAVL-1.jpg\" \/>\n\t<meta property=\"og:image:width\" content=\"1028\" \/>\n\t<meta property=\"og:image:height\" content=\"620\" \/>\n\t<meta property=\"og:image:type\" content=\"image\/jpeg\" \/>\n<meta name=\"author\" content=\"sfaltea.com-admin\" \/>\n<meta name=\"twitter:card\" content=\"summary_large_image\" \/>\n<meta name=\"twitter:label1\" content=\"Escrito por\" \/>\n\t<meta name=\"twitter:data1\" content=\"sfaltea.com-admin\" \/>\n\t<meta name=\"twitter:label2\" content=\"Tiempo de lectura\" \/>\n\t<meta name=\"twitter:data2\" content=\"5 minutos\" \/>\n<script type=\"application\/ld+json\" class=\"yoast-schema-graph\">{\"@context\":\"https:\/\/schema.org\",\"@graph\":[{\"@type\":\"WebPage\",\"@id\":\"https:\/\/www.alteacultural.com\/es\/2025\/11\/27\/lavl-i-lajuntament-daltea-firmen-un-conveni-de-collaboracio-per-a-promoure-lus-del-valencia-en-tots-els-ambits-publics\/\",\"url\":\"https:\/\/www.alteacultural.com\/es\/2025\/11\/27\/lavl-i-lajuntament-daltea-firmen-un-conveni-de-collaboracio-per-a-promoure-lus-del-valencia-en-tots-els-ambits-publics\/\",\"name\":\"La AVL y el Ayuntamiento de Altea firman un convenio de colaboraci\u00f3n para promover el uso del valenciano en todos los \u00e1mbitos p\u00fablicos - Altea Cultural\",\"isPartOf\":{\"@id\":\"https:\/\/www.alteacultural.com\/es\/#website\"},\"primaryImageOfPage\":{\"@id\":\"https:\/\/www.alteacultural.com\/es\/2025\/11\/27\/lavl-i-lajuntament-daltea-firmen-un-conveni-de-collaboracio-per-a-promoure-lus-del-valencia-en-tots-els-ambits-publics\/#primaryimage\"},\"image\":{\"@id\":\"https:\/\/www.alteacultural.com\/es\/2025\/11\/27\/lavl-i-lajuntament-daltea-firmen-un-conveni-de-collaboracio-per-a-promoure-lus-del-valencia-en-tots-els-ambits-publics\/#primaryimage\"},\"thumbnailUrl\":\"https:\/\/www.alteacultural.com\/wp-content\/uploads\/2025\/11\/firma-conveni-amb-lAVL-1.jpg\",\"datePublished\":\"2025-11-27T13:00:07+00:00\",\"dateModified\":\"2025-11-27T13:10:19+00:00\",\"author\":{\"@id\":\"https:\/\/www.alteacultural.com\/es\/#\/schema\/person\/c4e137537f1af546d214a315255e5172\"},\"breadcrumb\":{\"@id\":\"https:\/\/www.alteacultural.com\/es\/2025\/11\/27\/lavl-i-lajuntament-daltea-firmen-un-conveni-de-collaboracio-per-a-promoure-lus-del-valencia-en-tots-els-ambits-publics\/#breadcrumb\"},\"inLanguage\":\"es\",\"potentialAction\":[{\"@type\":\"ReadAction\",\"target\":[\"https:\/\/www.alteacultural.com\/es\/2025\/11\/27\/lavl-i-lajuntament-daltea-firmen-un-conveni-de-collaboracio-per-a-promoure-lus-del-valencia-en-tots-els-ambits-publics\/\"]}]},{\"@type\":\"ImageObject\",\"inLanguage\":\"es\",\"@id\":\"https:\/\/www.alteacultural.com\/es\/2025\/11\/27\/lavl-i-lajuntament-daltea-firmen-un-conveni-de-collaboracio-per-a-promoure-lus-del-valencia-en-tots-els-ambits-publics\/#primaryimage\",\"url\":\"https:\/\/www.alteacultural.com\/wp-content\/uploads\/2025\/11\/firma-conveni-amb-lAVL-1.jpg\",\"contentUrl\":\"https:\/\/www.alteacultural.com\/wp-content\/uploads\/2025\/11\/firma-conveni-amb-lAVL-1.jpg\",\"width\":1028,\"height\":620},{\"@type\":\"BreadcrumbList\",\"@id\":\"https:\/\/www.alteacultural.com\/es\/2025\/11\/27\/lavl-i-lajuntament-daltea-firmen-un-conveni-de-collaboracio-per-a-promoure-lus-del-valencia-en-tots-els-ambits-publics\/#breadcrumb\",\"itemListElement\":[{\"@type\":\"ListItem\",\"position\":1,\"name\":\"Inici\",\"item\":\"https:\/\/www.alteacultural.com\/es\/\"},{\"@type\":\"ListItem\",\"position\":2,\"name\":\"La AVL y el Ayuntamiento de Altea firman un convenio de colaboraci\u00f3n para promover el uso del valenciano en todos los \u00e1mbitos p\u00fablicos\"}]},{\"@type\":\"WebSite\",\"@id\":\"https:\/\/www.alteacultural.com\/es\/#website\",\"url\":\"https:\/\/www.alteacultural.com\/es\/\",\"name\":\"Altea Cultural\",\"description\":\"Regidoria de Cultura de l&#039;Ajuntament d&#039;Altea\",\"potentialAction\":[{\"@type\":\"SearchAction\",\"target\":{\"@type\":\"EntryPoint\",\"urlTemplate\":\"https:\/\/www.alteacultural.com\/es\/?s={search_term_string}\"},\"query-input\":\"required name=search_term_string\"}],\"inLanguage\":\"es\"},{\"@type\":\"Person\",\"@id\":\"https:\/\/www.alteacultural.com\/es\/#\/schema\/person\/c4e137537f1af546d214a315255e5172\",\"name\":\"sfaltea.com-admin\",\"image\":{\"@type\":\"ImageObject\",\"inLanguage\":\"es\",\"@id\":\"https:\/\/www.alteacultural.com\/es\/#\/schema\/person\/image\/\",\"url\":\"https:\/\/secure.gravatar.com\/avatar\/f7473fa2fbd351270ccfd469de536202?s=96&d=mm&r=g\",\"contentUrl\":\"https:\/\/secure.gravatar.com\/avatar\/f7473fa2fbd351270ccfd469de536202?s=96&d=mm&r=g\",\"caption\":\"sfaltea.com-admin\"},\"url\":\"https:\/\/www.alteacultural.com\/es\/author\/sfaltea-com-admin\/\"}]}<\/script>\n<!-- \/ Yoast SEO plugin. -->","yoast_head_json":{"title":"La AVL y el Ayuntamiento de Altea firman un convenio de colaboraci\u00f3n para promover el uso del valenciano en todos los \u00e1mbitos p\u00fablicos - Altea Cultural","robots":{"index":"index","follow":"follow","max-snippet":"max-snippet:-1","max-image-preview":"max-image-preview:large","max-video-preview":"max-video-preview:-1"},"canonical":"https:\/\/www.alteacultural.com\/es\/2025\/11\/27\/lavl-i-lajuntament-daltea-firmen-un-conveni-de-collaboracio-per-a-promoure-lus-del-valencia-en-tots-els-ambits-publics\/","og_locale":"es_ES","og_type":"article","og_title":"La AVL y el Ayuntamiento de Altea firman un convenio de colaboraci\u00f3n para promover el uso del valenciano en todos los \u00e1mbitos p\u00fablicos - Altea Cultural","og_description":"El acuerdo prev\u00e9 el mantenimiento de la oficina de promoci\u00f3n ling\u00fc\u00edstica y acciones concretas en toponimia, se\u00f1alizaci\u00f3n, formaci\u00f3n y [&hellip;]","og_url":"https:\/\/www.alteacultural.com\/es\/2025\/11\/27\/lavl-i-lajuntament-daltea-firmen-un-conveni-de-collaboracio-per-a-promoure-lus-del-valencia-en-tots-els-ambits-publics\/","og_site_name":"Altea Cultural","article_published_time":"2025-11-27T13:00:07+00:00","article_modified_time":"2025-11-27T13:10:19+00:00","og_image":[{"width":1028,"height":620,"url":"https:\/\/www.alteacultural.com\/wp-content\/uploads\/2025\/11\/firma-conveni-amb-lAVL-1.jpg","type":"image\/jpeg"}],"author":"sfaltea.com-admin","twitter_card":"summary_large_image","twitter_misc":{"Escrito por":"sfaltea.com-admin","Tiempo de lectura":"5 minutos"},"schema":{"@context":"https:\/\/schema.org","@graph":[{"@type":"WebPage","@id":"https:\/\/www.alteacultural.com\/es\/2025\/11\/27\/lavl-i-lajuntament-daltea-firmen-un-conveni-de-collaboracio-per-a-promoure-lus-del-valencia-en-tots-els-ambits-publics\/","url":"https:\/\/www.alteacultural.com\/es\/2025\/11\/27\/lavl-i-lajuntament-daltea-firmen-un-conveni-de-collaboracio-per-a-promoure-lus-del-valencia-en-tots-els-ambits-publics\/","name":"La AVL y el Ayuntamiento de Altea firman un convenio de colaboraci\u00f3n para promover el uso del valenciano en todos los \u00e1mbitos p\u00fablicos - Altea Cultural","isPartOf":{"@id":"https:\/\/www.alteacultural.com\/es\/#website"},"primaryImageOfPage":{"@id":"https:\/\/www.alteacultural.com\/es\/2025\/11\/27\/lavl-i-lajuntament-daltea-firmen-un-conveni-de-collaboracio-per-a-promoure-lus-del-valencia-en-tots-els-ambits-publics\/#primaryimage"},"image":{"@id":"https:\/\/www.alteacultural.com\/es\/2025\/11\/27\/lavl-i-lajuntament-daltea-firmen-un-conveni-de-collaboracio-per-a-promoure-lus-del-valencia-en-tots-els-ambits-publics\/#primaryimage"},"thumbnailUrl":"https:\/\/www.alteacultural.com\/wp-content\/uploads\/2025\/11\/firma-conveni-amb-lAVL-1.jpg","datePublished":"2025-11-27T13:00:07+00:00","dateModified":"2025-11-27T13:10:19+00:00","author":{"@id":"https:\/\/www.alteacultural.com\/es\/#\/schema\/person\/c4e137537f1af546d214a315255e5172"},"breadcrumb":{"@id":"https:\/\/www.alteacultural.com\/es\/2025\/11\/27\/lavl-i-lajuntament-daltea-firmen-un-conveni-de-collaboracio-per-a-promoure-lus-del-valencia-en-tots-els-ambits-publics\/#breadcrumb"},"inLanguage":"es","potentialAction":[{"@type":"ReadAction","target":["https:\/\/www.alteacultural.com\/es\/2025\/11\/27\/lavl-i-lajuntament-daltea-firmen-un-conveni-de-collaboracio-per-a-promoure-lus-del-valencia-en-tots-els-ambits-publics\/"]}]},{"@type":"ImageObject","inLanguage":"es","@id":"https:\/\/www.alteacultural.com\/es\/2025\/11\/27\/lavl-i-lajuntament-daltea-firmen-un-conveni-de-collaboracio-per-a-promoure-lus-del-valencia-en-tots-els-ambits-publics\/#primaryimage","url":"https:\/\/www.alteacultural.com\/wp-content\/uploads\/2025\/11\/firma-conveni-amb-lAVL-1.jpg","contentUrl":"https:\/\/www.alteacultural.com\/wp-content\/uploads\/2025\/11\/firma-conveni-amb-lAVL-1.jpg","width":1028,"height":620},{"@type":"BreadcrumbList","@id":"https:\/\/www.alteacultural.com\/es\/2025\/11\/27\/lavl-i-lajuntament-daltea-firmen-un-conveni-de-collaboracio-per-a-promoure-lus-del-valencia-en-tots-els-ambits-publics\/#breadcrumb","itemListElement":[{"@type":"ListItem","position":1,"name":"Inici","item":"https:\/\/www.alteacultural.com\/es\/"},{"@type":"ListItem","position":2,"name":"La AVL y el Ayuntamiento de Altea firman un convenio de colaboraci\u00f3n para promover el uso del valenciano en todos los \u00e1mbitos p\u00fablicos"}]},{"@type":"WebSite","@id":"https:\/\/www.alteacultural.com\/es\/#website","url":"https:\/\/www.alteacultural.com\/es\/","name":"Altea Cultural","description":"Regidoria de Cultura de l&#039;Ajuntament d&#039;Altea","potentialAction":[{"@type":"SearchAction","target":{"@type":"EntryPoint","urlTemplate":"https:\/\/www.alteacultural.com\/es\/?s={search_term_string}"},"query-input":"required name=search_term_string"}],"inLanguage":"es"},{"@type":"Person","@id":"https:\/\/www.alteacultural.com\/es\/#\/schema\/person\/c4e137537f1af546d214a315255e5172","name":"sfaltea.com-admin","image":{"@type":"ImageObject","inLanguage":"es","@id":"https:\/\/www.alteacultural.com\/es\/#\/schema\/person\/image\/","url":"https:\/\/secure.gravatar.com\/avatar\/f7473fa2fbd351270ccfd469de536202?s=96&d=mm&r=g","contentUrl":"https:\/\/secure.gravatar.com\/avatar\/f7473fa2fbd351270ccfd469de536202?s=96&d=mm&r=g","caption":"sfaltea.com-admin"},"url":"https:\/\/www.alteacultural.com\/es\/author\/sfaltea-com-admin\/"}]}},"_links":{"self":[{"href":"https:\/\/www.alteacultural.com\/es\/wp-json\/wp\/v2\/posts\/38676"}],"collection":[{"href":"https:\/\/www.alteacultural.com\/es\/wp-json\/wp\/v2\/posts"}],"about":[{"href":"https:\/\/www.alteacultural.com\/es\/wp-json\/wp\/v2\/types\/post"}],"author":[{"embeddable":true,"href":"https:\/\/www.alteacultural.com\/es\/wp-json\/wp\/v2\/users\/1"}],"replies":[{"embeddable":true,"href":"https:\/\/www.alteacultural.com\/es\/wp-json\/wp\/v2\/comments?post=38676"}],"version-history":[{"count":2,"href":"https:\/\/www.alteacultural.com\/es\/wp-json\/wp\/v2\/posts\/38676\/revisions"}],"predecessor-version":[{"id":38679,"href":"https:\/\/www.alteacultural.com\/es\/wp-json\/wp\/v2\/posts\/38676\/revisions\/38679"}],"wp:featuredmedia":[{"embeddable":true,"href":"https:\/\/www.alteacultural.com\/es\/wp-json\/wp\/v2\/media\/38670"}],"wp:attachment":[{"href":"https:\/\/www.alteacultural.com\/es\/wp-json\/wp\/v2\/media?parent=38676"}],"curies":[{"name":"wp","href":"https:\/\/api.w.org\/{rel}","templated":true}]}}