{"id":5243,"date":"2021-04-20T20:43:38","date_gmt":"2021-04-20T18:43:38","guid":{"rendered":"https:\/\/www.alteacultural.com\/2021\/04\/20\/cultura-celebra-el-dia-del-llibre-regalant-un-llibre-i-bossa\/"},"modified":"2021-12-17T22:55:30","modified_gmt":"2021-12-17T21:55:30","slug":"cultura-celebra-el-dia-del-llibre-regalant-un-llibre-i-bossa","status":"publish","type":"post","link":"https:\/\/www.alteacultural.com\/es\/2021\/04\/20\/cultura-celebra-el-dia-del-llibre-regalant-un-llibre-i-bossa\/","title":{"rendered":"Cultura celebra el D\u00eda del Libro regalando un libro y bolsa"},"content":{"rendered":"\n<p>La Concejal\u00eda de Cultura del Ayuntamiento de Altea ha presentado su cartel de conmemoraci\u00f3n del d\u00eda del libro 2021, que celebrar\u00e1 desde el 23 al 30 de abril con las siguientes actividades:<\/p>\n\n\n\n<p><a href=\"https:\/\/www.alteacultural.com\/events\/dia-del-llibre-altea-2021\/?lang=es\">VER PROGRAMACI\u00d3N<\/a><\/p>\n","protected":false},"excerpt":{"rendered":"<p>La Concejal\u00eda de Cultura del Ayuntamiento de Altea ha presentado su cartel de conmemoraci\u00f3n del d\u00eda del libro 2021, [&hellip;]<\/p>\n","protected":false},"author":1,"featured_media":5233,"comment_status":"open","ping_status":"open","sticky":false,"template":"","format":"standard","meta":{"_expiration-date-status":"saved","_expiration-date":0,"_expiration-date-type":"","_expiration-date-categories":[],"_expiration-date-options":[],"footnotes":""},"yoast_head":"<!-- This site is optimized with the Yoast SEO plugin v22.8 - https:\/\/yoast.com\/wordpress\/plugins\/seo\/ -->\n<title>Cultura celebra el D\u00eda del Libro regalando un libro y bolsa - Altea Cultural<\/title>\n<meta name=\"robots\" content=\"index, follow, max-snippet:-1, max-image-preview:large, max-video-preview:-1\" \/>\n<link rel=\"canonical\" href=\"https:\/\/www.alteacultural.com\/es\/2021\/04\/20\/cultura-celebra-el-dia-del-llibre-regalant-un-llibre-i-bossa\/\" \/>\n<meta property=\"og:locale\" content=\"es_ES\" \/>\n<meta property=\"og:type\" content=\"article\" \/>\n<meta property=\"og:title\" content=\"Cultura celebra el D\u00eda del Libro regalando un libro y bolsa - Altea Cultural\" \/>\n<meta property=\"og:description\" content=\"La Concejal\u00eda de Cultura del Ayuntamiento de Altea ha presentado su cartel de conmemoraci\u00f3n del d\u00eda del libro 2021, [&hellip;]\" \/>\n<meta property=\"og:url\" content=\"https:\/\/www.alteacultural.com\/es\/2021\/04\/20\/cultura-celebra-el-dia-del-llibre-regalant-un-llibre-i-bossa\/\" \/>\n<meta property=\"og:site_name\" content=\"Altea Cultural\" \/>\n<meta property=\"article:published_time\" content=\"2021-04-20T18:43:38+00:00\" \/>\n<meta property=\"article:modified_time\" content=\"2021-12-17T21:55:30+00:00\" \/>\n<meta property=\"og:image\" content=\"https:\/\/www.alteacultural.com\/wp-content\/uploads\/2021\/04\/DiaDelLlibreAltea2021_Cartell-01.jpg\" \/>\n\t<meta property=\"og:image:width\" content=\"1240\" \/>\n\t<meta property=\"og:image:height\" content=\"1754\" \/>\n\t<meta property=\"og:image:type\" content=\"image\/jpeg\" \/>\n<meta name=\"author\" content=\"sfaltea.com-admin\" \/>\n<meta name=\"twitter:card\" content=\"summary_large_image\" \/>\n<meta name=\"twitter:label1\" content=\"Escrito por\" \/>\n\t<meta name=\"twitter:data1\" content=\"sfaltea.com-admin\" \/>\n\t<meta name=\"twitter:label2\" content=\"Tiempo de lectura\" \/>\n\t<meta name=\"twitter:data2\" content=\"1 minuto\" \/>\n<script type=\"application\/ld+json\" class=\"yoast-schema-graph\">{\"@context\":\"https:\/\/schema.org\",\"@graph\":[{\"@type\":\"WebPage\",\"@id\":\"https:\/\/www.alteacultural.com\/es\/2021\/04\/20\/cultura-celebra-el-dia-del-llibre-regalant-un-llibre-i-bossa\/\",\"url\":\"https:\/\/www.alteacultural.com\/es\/2021\/04\/20\/cultura-celebra-el-dia-del-llibre-regalant-un-llibre-i-bossa\/\",\"name\":\"Cultura celebra el D\u00eda del Libro regalando un libro y bolsa - Altea Cultural\",\"isPartOf\":{\"@id\":\"https:\/\/www.alteacultural.com\/es\/#website\"},\"primaryImageOfPage\":{\"@id\":\"https:\/\/www.alteacultural.com\/es\/2021\/04\/20\/cultura-celebra-el-dia-del-llibre-regalant-un-llibre-i-bossa\/#primaryimage\"},\"image\":{\"@id\":\"https:\/\/www.alteacultural.com\/es\/2021\/04\/20\/cultura-celebra-el-dia-del-llibre-regalant-un-llibre-i-bossa\/#primaryimage\"},\"thumbnailUrl\":\"https:\/\/www.alteacultural.com\/wp-content\/uploads\/2021\/04\/DiaDelLlibreAltea2021_Cartell-01.jpg\",\"datePublished\":\"2021-04-20T18:43:38+00:00\",\"dateModified\":\"2021-12-17T21:55:30+00:00\",\"author\":{\"@id\":\"https:\/\/www.alteacultural.com\/es\/#\/schema\/person\/c4e137537f1af546d214a315255e5172\"},\"breadcrumb\":{\"@id\":\"https:\/\/www.alteacultural.com\/es\/2021\/04\/20\/cultura-celebra-el-dia-del-llibre-regalant-un-llibre-i-bossa\/#breadcrumb\"},\"inLanguage\":\"es\",\"potentialAction\":[{\"@type\":\"ReadAction\",\"target\":[\"https:\/\/www.alteacultural.com\/es\/2021\/04\/20\/cultura-celebra-el-dia-del-llibre-regalant-un-llibre-i-bossa\/\"]}]},{\"@type\":\"ImageObject\",\"inLanguage\":\"es\",\"@id\":\"https:\/\/www.alteacultural.com\/es\/2021\/04\/20\/cultura-celebra-el-dia-del-llibre-regalant-un-llibre-i-bossa\/#primaryimage\",\"url\":\"https:\/\/www.alteacultural.com\/wp-content\/uploads\/2021\/04\/DiaDelLlibreAltea2021_Cartell-01.jpg\",\"contentUrl\":\"https:\/\/www.alteacultural.com\/wp-content\/uploads\/2021\/04\/DiaDelLlibreAltea2021_Cartell-01.jpg\",\"width\":1240,\"height\":1754},{\"@type\":\"BreadcrumbList\",\"@id\":\"https:\/\/www.alteacultural.com\/es\/2021\/04\/20\/cultura-celebra-el-dia-del-llibre-regalant-un-llibre-i-bossa\/#breadcrumb\",\"itemListElement\":[{\"@type\":\"ListItem\",\"position\":1,\"name\":\"Inici\",\"item\":\"https:\/\/www.alteacultural.com\/es\/\"},{\"@type\":\"ListItem\",\"position\":2,\"name\":\"Cultura celebra el D\u00eda del Libro regalando un libro y bolsa\"}]},{\"@type\":\"WebSite\",\"@id\":\"https:\/\/www.alteacultural.com\/es\/#website\",\"url\":\"https:\/\/www.alteacultural.com\/es\/\",\"name\":\"Altea Cultural\",\"description\":\"Regidoria de Cultura de l&#039;Ajuntament d&#039;Altea\",\"potentialAction\":[{\"@type\":\"SearchAction\",\"target\":{\"@type\":\"EntryPoint\",\"urlTemplate\":\"https:\/\/www.alteacultural.com\/es\/?s={search_term_string}\"},\"query-input\":\"required name=search_term_string\"}],\"inLanguage\":\"es\"},{\"@type\":\"Person\",\"@id\":\"https:\/\/www.alteacultural.com\/es\/#\/schema\/person\/c4e137537f1af546d214a315255e5172\",\"name\":\"sfaltea.com-admin\",\"image\":{\"@type\":\"ImageObject\",\"inLanguage\":\"es\",\"@id\":\"https:\/\/www.alteacultural.com\/es\/#\/schema\/person\/image\/\",\"url\":\"https:\/\/secure.gravatar.com\/avatar\/f7473fa2fbd351270ccfd469de536202?s=96&d=mm&r=g\",\"contentUrl\":\"https:\/\/secure.gravatar.com\/avatar\/f7473fa2fbd351270ccfd469de536202?s=96&d=mm&r=g\",\"caption\":\"sfaltea.com-admin\"},\"url\":\"https:\/\/www.alteacultural.com\/es\/author\/sfaltea-com-admin\/\"}]}<\/script>\n<!-- \/ Yoast SEO plugin. -->","yoast_head_json":{"title":"Cultura celebra el D\u00eda del Libro regalando un libro y bolsa - Altea Cultural","robots":{"index":"index","follow":"follow","max-snippet":"max-snippet:-1","max-image-preview":"max-image-preview:large","max-video-preview":"max-video-preview:-1"},"canonical":"https:\/\/www.alteacultural.com\/es\/2021\/04\/20\/cultura-celebra-el-dia-del-llibre-regalant-un-llibre-i-bossa\/","og_locale":"es_ES","og_type":"article","og_title":"Cultura celebra el D\u00eda del Libro regalando un libro y bolsa - Altea Cultural","og_description":"La Concejal\u00eda de Cultura del Ayuntamiento de Altea ha presentado su cartel de conmemoraci\u00f3n del d\u00eda del libro 2021, [&hellip;]","og_url":"https:\/\/www.alteacultural.com\/es\/2021\/04\/20\/cultura-celebra-el-dia-del-llibre-regalant-un-llibre-i-bossa\/","og_site_name":"Altea Cultural","article_published_time":"2021-04-20T18:43:38+00:00","article_modified_time":"2021-12-17T21:55:30+00:00","og_image":[{"width":1240,"height":1754,"url":"https:\/\/www.alteacultural.com\/wp-content\/uploads\/2021\/04\/DiaDelLlibreAltea2021_Cartell-01.jpg","type":"image\/jpeg"}],"author":"sfaltea.com-admin","twitter_card":"summary_large_image","twitter_misc":{"Escrito por":"sfaltea.com-admin","Tiempo de lectura":"1 minuto"},"schema":{"@context":"https:\/\/schema.org","@graph":[{"@type":"WebPage","@id":"https:\/\/www.alteacultural.com\/es\/2021\/04\/20\/cultura-celebra-el-dia-del-llibre-regalant-un-llibre-i-bossa\/","url":"https:\/\/www.alteacultural.com\/es\/2021\/04\/20\/cultura-celebra-el-dia-del-llibre-regalant-un-llibre-i-bossa\/","name":"Cultura celebra el D\u00eda del Libro regalando un libro y bolsa - Altea Cultural","isPartOf":{"@id":"https:\/\/www.alteacultural.com\/es\/#website"},"primaryImageOfPage":{"@id":"https:\/\/www.alteacultural.com\/es\/2021\/04\/20\/cultura-celebra-el-dia-del-llibre-regalant-un-llibre-i-bossa\/#primaryimage"},"image":{"@id":"https:\/\/www.alteacultural.com\/es\/2021\/04\/20\/cultura-celebra-el-dia-del-llibre-regalant-un-llibre-i-bossa\/#primaryimage"},"thumbnailUrl":"https:\/\/www.alteacultural.com\/wp-content\/uploads\/2021\/04\/DiaDelLlibreAltea2021_Cartell-01.jpg","datePublished":"2021-04-20T18:43:38+00:00","dateModified":"2021-12-17T21:55:30+00:00","author":{"@id":"https:\/\/www.alteacultural.com\/es\/#\/schema\/person\/c4e137537f1af546d214a315255e5172"},"breadcrumb":{"@id":"https:\/\/www.alteacultural.com\/es\/2021\/04\/20\/cultura-celebra-el-dia-del-llibre-regalant-un-llibre-i-bossa\/#breadcrumb"},"inLanguage":"es","potentialAction":[{"@type":"ReadAction","target":["https:\/\/www.alteacultural.com\/es\/2021\/04\/20\/cultura-celebra-el-dia-del-llibre-regalant-un-llibre-i-bossa\/"]}]},{"@type":"ImageObject","inLanguage":"es","@id":"https:\/\/www.alteacultural.com\/es\/2021\/04\/20\/cultura-celebra-el-dia-del-llibre-regalant-un-llibre-i-bossa\/#primaryimage","url":"https:\/\/www.alteacultural.com\/wp-content\/uploads\/2021\/04\/DiaDelLlibreAltea2021_Cartell-01.jpg","contentUrl":"https:\/\/www.alteacultural.com\/wp-content\/uploads\/2021\/04\/DiaDelLlibreAltea2021_Cartell-01.jpg","width":1240,"height":1754},{"@type":"BreadcrumbList","@id":"https:\/\/www.alteacultural.com\/es\/2021\/04\/20\/cultura-celebra-el-dia-del-llibre-regalant-un-llibre-i-bossa\/#breadcrumb","itemListElement":[{"@type":"ListItem","position":1,"name":"Inici","item":"https:\/\/www.alteacultural.com\/es\/"},{"@type":"ListItem","position":2,"name":"Cultura celebra el D\u00eda del Libro regalando un libro y bolsa"}]},{"@type":"WebSite","@id":"https:\/\/www.alteacultural.com\/es\/#website","url":"https:\/\/www.alteacultural.com\/es\/","name":"Altea Cultural","description":"Regidoria de Cultura de l&#039;Ajuntament d&#039;Altea","potentialAction":[{"@type":"SearchAction","target":{"@type":"EntryPoint","urlTemplate":"https:\/\/www.alteacultural.com\/es\/?s={search_term_string}"},"query-input":"required name=search_term_string"}],"inLanguage":"es"},{"@type":"Person","@id":"https:\/\/www.alteacultural.com\/es\/#\/schema\/person\/c4e137537f1af546d214a315255e5172","name":"sfaltea.com-admin","image":{"@type":"ImageObject","inLanguage":"es","@id":"https:\/\/www.alteacultural.com\/es\/#\/schema\/person\/image\/","url":"https:\/\/secure.gravatar.com\/avatar\/f7473fa2fbd351270ccfd469de536202?s=96&d=mm&r=g","contentUrl":"https:\/\/secure.gravatar.com\/avatar\/f7473fa2fbd351270ccfd469de536202?s=96&d=mm&r=g","caption":"sfaltea.com-admin"},"url":"https:\/\/www.alteacultural.com\/es\/author\/sfaltea-com-admin\/"}]}},"_links":{"self":[{"href":"https:\/\/www.alteacultural.com\/es\/wp-json\/wp\/v2\/posts\/5243"}],"collection":[{"href":"https:\/\/www.alteacultural.com\/es\/wp-json\/wp\/v2\/posts"}],"about":[{"href":"https:\/\/www.alteacultural.com\/es\/wp-json\/wp\/v2\/types\/post"}],"author":[{"embeddable":true,"href":"https:\/\/www.alteacultural.com\/es\/wp-json\/wp\/v2\/users\/1"}],"replies":[{"embeddable":true,"href":"https:\/\/www.alteacultural.com\/es\/wp-json\/wp\/v2\/comments?post=5243"}],"version-history":[{"count":2,"href":"https:\/\/www.alteacultural.com\/es\/wp-json\/wp\/v2\/posts\/5243\/revisions"}],"predecessor-version":[{"id":5245,"href":"https:\/\/www.alteacultural.com\/es\/wp-json\/wp\/v2\/posts\/5243\/revisions\/5245"}],"wp:featuredmedia":[{"embeddable":true,"href":"https:\/\/www.alteacultural.com\/es\/wp-json\/wp\/v2\/media\/5233"}],"wp:attachment":[{"href":"https:\/\/www.alteacultural.com\/es\/wp-json\/wp\/v2\/media?parent=5243"}],"curies":[{"name":"wp","href":"https:\/\/api.w.org\/{rel}","templated":true}]}}