{"id":6221,"date":"2021-05-03T19:56:17","date_gmt":"2021-05-03T17:56:17","guid":{"rendered":"https:\/\/www.alteacultural.com\/2021\/05\/03\/nova-exposicio-al-palau-altea\/"},"modified":"2021-06-03T19:55:53","modified_gmt":"2021-06-03T17:55:53","slug":"nova-exposicio-al-palau-altea","status":"publish","type":"post","link":"https:\/\/www.alteacultural.com\/es\/2021\/05\/03\/nova-exposicio-al-palau-altea\/","title":{"rendered":"Nueva exposici\u00f3n en Palau Altea"},"content":{"rendered":"\n<p>\ud83d\uddbc\ufe0f \u00a1Nueva expo en el Palau Altea!<br>\ud83d\udc49 Attrezzo, de Josep Sou<br>\ud83d\uddd3\ufe0f 6 mayo a 30 de septiembre 2021<br>\ud83d\udd5c Martes y jueves 16.30 &#8211; 19.30 h<\/p>\n\n\n\n<p>\ud83c\udfc1 Inauguraci\u00f3n 6\/mayo 20.00 h Entr. libre<br><a href=\"https:\/\/www.alteacultural.com\/events\/expo-attrezzo-josep-sou\/?lang=es\">\u2795 Ver cartel \/ + info<\/a><\/p>\n\n\n\n<p><\/p>\n\n\n\n<p>ALTEADIGITAL | El pr\u00f3ximo jueves 6 de mayo se inaugurar\u00e1 en Palau Altea, a las 20:00h, la exposici\u00f3n \u201cAttrezzo\u201d de Josep Sou. As\u00ed lo ha dado a conocer la edil de Cultura, Aurora Serrat, quien invita a alteanos, alteanas y visitantes a disfrutar de la muestra.<\/p>\n\n\n\n<p>En palabras del autor, \u201cAttrezzo es una exposici\u00f3n que habla de la s\u00edntesis entre el gesto pict\u00f3rico y la palabra; es decir, la sinton\u00eda que llega a perpetrarse a partir de la idea y que sustenta en im\u00e1genes. Por tanto hemos de decir que se trata de una po\u00e9tica visual en la que la palabra y la imagen tienen la misma importancia y llegan&nbsp; a formar parte de un n\u00facleo comunicativo\u201d.<\/p>\n\n\n\n<p>\u201cEs una exposici\u00f3n en la que los objetos han perdido su vitalidad en tanto en cuanto objetos de la vida cuotidiana y han pasado a otra dimensi\u00f3n donde desde una sala de exposiciones nos miran y nos dicen sobre otra vida que han llegado a alcanzar. Podemos decir que la po\u00e9tica visual est\u00e1 a caballo de la palabra por una parte y de la imagen por otra y se retroalimenta constantemente, am\u00e9n de los aspectos conceptuales y por encima de todo lo que prima es la idea\u201d. Ha a\u00f1adido Josep Sou.<\/p>\n\n\n\n<p>Por su parte, la edil de Cultura se ha referido a la importancia de mantener, impulsar y dinamizar el sector cultural desde las instituciones y en este caso desde la propia concejal\u00eda que dirige. \u201cTenemos la firme apuesta de acercar las artes pl\u00e1sticas a los vecinos y visitantes del municipio de Altea; manteniendo las salas de exposiciones abiertas para que los cuadros que engalanan sus paredes alimentes nuestras almas; nos cuenten aquello para lo que han sido creados y nos trasladen por un instante a cualquier lugar del mundo\u201d; ha indicado Aurora Serrat.<\/p>\n\n\n\n<p>\u201cPara poner en pr\u00e1ctica nuestro prop\u00f3sito necesitamos la ayuda de artistas y creadores y es un placer contar en Palau Altea con la exposici\u00f3n Attrezzo del pintor alcoyano Josep Sou, maestro con may\u00fasculas\u201d; ha declarado Serrat, quien ha agradecido al artista su trabajo, el v\u00ednculo que mantiene con Altea y le ha deseado \u00e9xito en esos proyectos que est\u00e1n a\u00fan por llegar.<\/p>\n\n\n\n<p>Attrezzo estar\u00e1 en Palau Altea hasta el 30 de septiembre y puede ser visitada los martes y jueves de 16:30 a 18:30 de forma gratuita.<\/p>\n","protected":false},"excerpt":{"rendered":"<p>\ud83d\uddbc\ufe0f \u00a1Nueva expo en el Palau Altea!\ud83d\udc49 Attrezzo, de Josep Sou\ud83d\uddd3\ufe0f 6 mayo a 30 de septiembre 2021\ud83d\udd5c Martes [&hellip;]<\/p>\n","protected":false},"author":1,"featured_media":6014,"comment_status":"open","ping_status":"open","sticky":false,"template":"","format":"standard","meta":{"_expiration-date-status":"saved","_expiration-date":1622742840,"_expiration-date-type":"","_expiration-date-categories":[],"_expiration-date-options":{"expireType":"category-remove","id":6221,"category":["64"],"categoryTaxonomy":"category"},"footnotes":""},"yoast_head":"<!-- This site is optimized with the Yoast SEO plugin v22.8 - https:\/\/yoast.com\/wordpress\/plugins\/seo\/ -->\n<title>Nueva exposici\u00f3n en Palau Altea - Altea Cultural<\/title>\n<meta name=\"robots\" content=\"index, follow, max-snippet:-1, max-image-preview:large, max-video-preview:-1\" \/>\n<link rel=\"canonical\" href=\"https:\/\/www.alteacultural.com\/es\/2021\/05\/03\/nova-exposicio-al-palau-altea\/\" \/>\n<meta property=\"og:locale\" content=\"es_ES\" \/>\n<meta property=\"og:type\" content=\"article\" \/>\n<meta property=\"og:title\" content=\"Nueva exposici\u00f3n en Palau Altea - Altea Cultural\" \/>\n<meta property=\"og:description\" content=\"\ud83d\uddbc\ufe0f \u00a1Nueva expo en el Palau Altea!\ud83d\udc49 Attrezzo, de Josep Sou\ud83d\uddd3\ufe0f 6 mayo a 30 de septiembre 2021\ud83d\udd5c Martes [&hellip;]\" \/>\n<meta property=\"og:url\" content=\"https:\/\/www.alteacultural.com\/es\/2021\/05\/03\/nova-exposicio-al-palau-altea\/\" \/>\n<meta property=\"og:site_name\" content=\"Altea Cultural\" \/>\n<meta property=\"article:published_time\" content=\"2021-05-03T17:56:17+00:00\" \/>\n<meta property=\"article:modified_time\" content=\"2021-06-03T17:55:53+00:00\" \/>\n<meta property=\"og:image\" content=\"https:\/\/www.alteacultural.com\/wp-content\/uploads\/2021\/04\/ExpoAttrezzoJosepSou_Cabecera-01.jpg\" \/>\n\t<meta property=\"og:image:width\" content=\"2362\" \/>\n\t<meta property=\"og:image:height\" content=\"1329\" \/>\n\t<meta property=\"og:image:type\" content=\"image\/jpeg\" \/>\n<meta name=\"author\" content=\"sfaltea.com-admin\" \/>\n<meta name=\"twitter:card\" content=\"summary_large_image\" \/>\n<meta name=\"twitter:label1\" content=\"Escrito por\" \/>\n\t<meta name=\"twitter:data1\" content=\"sfaltea.com-admin\" \/>\n\t<meta name=\"twitter:label2\" content=\"Tiempo de lectura\" \/>\n\t<meta name=\"twitter:data2\" content=\"2 minutos\" \/>\n<script type=\"application\/ld+json\" class=\"yoast-schema-graph\">{\"@context\":\"https:\/\/schema.org\",\"@graph\":[{\"@type\":\"WebPage\",\"@id\":\"https:\/\/www.alteacultural.com\/es\/2021\/05\/03\/nova-exposicio-al-palau-altea\/\",\"url\":\"https:\/\/www.alteacultural.com\/es\/2021\/05\/03\/nova-exposicio-al-palau-altea\/\",\"name\":\"Nueva exposici\u00f3n en Palau Altea - Altea Cultural\",\"isPartOf\":{\"@id\":\"https:\/\/www.alteacultural.com\/es\/#website\"},\"primaryImageOfPage\":{\"@id\":\"https:\/\/www.alteacultural.com\/es\/2021\/05\/03\/nova-exposicio-al-palau-altea\/#primaryimage\"},\"image\":{\"@id\":\"https:\/\/www.alteacultural.com\/es\/2021\/05\/03\/nova-exposicio-al-palau-altea\/#primaryimage\"},\"thumbnailUrl\":\"https:\/\/www.alteacultural.com\/wp-content\/uploads\/2021\/04\/ExpoAttrezzoJosepSou_Cabecera-01.jpg\",\"datePublished\":\"2021-05-03T17:56:17+00:00\",\"dateModified\":\"2021-06-03T17:55:53+00:00\",\"author\":{\"@id\":\"https:\/\/www.alteacultural.com\/es\/#\/schema\/person\/c4e137537f1af546d214a315255e5172\"},\"breadcrumb\":{\"@id\":\"https:\/\/www.alteacultural.com\/es\/2021\/05\/03\/nova-exposicio-al-palau-altea\/#breadcrumb\"},\"inLanguage\":\"es\",\"potentialAction\":[{\"@type\":\"ReadAction\",\"target\":[\"https:\/\/www.alteacultural.com\/es\/2021\/05\/03\/nova-exposicio-al-palau-altea\/\"]}]},{\"@type\":\"ImageObject\",\"inLanguage\":\"es\",\"@id\":\"https:\/\/www.alteacultural.com\/es\/2021\/05\/03\/nova-exposicio-al-palau-altea\/#primaryimage\",\"url\":\"https:\/\/www.alteacultural.com\/wp-content\/uploads\/2021\/04\/ExpoAttrezzoJosepSou_Cabecera-01.jpg\",\"contentUrl\":\"https:\/\/www.alteacultural.com\/wp-content\/uploads\/2021\/04\/ExpoAttrezzoJosepSou_Cabecera-01.jpg\",\"width\":2362,\"height\":1329},{\"@type\":\"BreadcrumbList\",\"@id\":\"https:\/\/www.alteacultural.com\/es\/2021\/05\/03\/nova-exposicio-al-palau-altea\/#breadcrumb\",\"itemListElement\":[{\"@type\":\"ListItem\",\"position\":1,\"name\":\"Inici\",\"item\":\"https:\/\/www.alteacultural.com\/es\/\"},{\"@type\":\"ListItem\",\"position\":2,\"name\":\"Nueva exposici\u00f3n en Palau Altea\"}]},{\"@type\":\"WebSite\",\"@id\":\"https:\/\/www.alteacultural.com\/es\/#website\",\"url\":\"https:\/\/www.alteacultural.com\/es\/\",\"name\":\"Altea Cultural\",\"description\":\"Regidoria de Cultura de l&#039;Ajuntament d&#039;Altea\",\"potentialAction\":[{\"@type\":\"SearchAction\",\"target\":{\"@type\":\"EntryPoint\",\"urlTemplate\":\"https:\/\/www.alteacultural.com\/es\/?s={search_term_string}\"},\"query-input\":\"required name=search_term_string\"}],\"inLanguage\":\"es\"},{\"@type\":\"Person\",\"@id\":\"https:\/\/www.alteacultural.com\/es\/#\/schema\/person\/c4e137537f1af546d214a315255e5172\",\"name\":\"sfaltea.com-admin\",\"image\":{\"@type\":\"ImageObject\",\"inLanguage\":\"es\",\"@id\":\"https:\/\/www.alteacultural.com\/es\/#\/schema\/person\/image\/\",\"url\":\"https:\/\/secure.gravatar.com\/avatar\/f7473fa2fbd351270ccfd469de536202?s=96&d=mm&r=g\",\"contentUrl\":\"https:\/\/secure.gravatar.com\/avatar\/f7473fa2fbd351270ccfd469de536202?s=96&d=mm&r=g\",\"caption\":\"sfaltea.com-admin\"},\"url\":\"https:\/\/www.alteacultural.com\/es\/author\/sfaltea-com-admin\/\"}]}<\/script>\n<!-- \/ Yoast SEO plugin. -->","yoast_head_json":{"title":"Nueva exposici\u00f3n en Palau Altea - Altea Cultural","robots":{"index":"index","follow":"follow","max-snippet":"max-snippet:-1","max-image-preview":"max-image-preview:large","max-video-preview":"max-video-preview:-1"},"canonical":"https:\/\/www.alteacultural.com\/es\/2021\/05\/03\/nova-exposicio-al-palau-altea\/","og_locale":"es_ES","og_type":"article","og_title":"Nueva exposici\u00f3n en Palau Altea - Altea Cultural","og_description":"\ud83d\uddbc\ufe0f \u00a1Nueva expo en el Palau Altea!\ud83d\udc49 Attrezzo, de Josep Sou\ud83d\uddd3\ufe0f 6 mayo a 30 de septiembre 2021\ud83d\udd5c Martes [&hellip;]","og_url":"https:\/\/www.alteacultural.com\/es\/2021\/05\/03\/nova-exposicio-al-palau-altea\/","og_site_name":"Altea Cultural","article_published_time":"2021-05-03T17:56:17+00:00","article_modified_time":"2021-06-03T17:55:53+00:00","og_image":[{"width":2362,"height":1329,"url":"https:\/\/www.alteacultural.com\/wp-content\/uploads\/2021\/04\/ExpoAttrezzoJosepSou_Cabecera-01.jpg","type":"image\/jpeg"}],"author":"sfaltea.com-admin","twitter_card":"summary_large_image","twitter_misc":{"Escrito por":"sfaltea.com-admin","Tiempo de lectura":"2 minutos"},"schema":{"@context":"https:\/\/schema.org","@graph":[{"@type":"WebPage","@id":"https:\/\/www.alteacultural.com\/es\/2021\/05\/03\/nova-exposicio-al-palau-altea\/","url":"https:\/\/www.alteacultural.com\/es\/2021\/05\/03\/nova-exposicio-al-palau-altea\/","name":"Nueva exposici\u00f3n en Palau Altea - Altea Cultural","isPartOf":{"@id":"https:\/\/www.alteacultural.com\/es\/#website"},"primaryImageOfPage":{"@id":"https:\/\/www.alteacultural.com\/es\/2021\/05\/03\/nova-exposicio-al-palau-altea\/#primaryimage"},"image":{"@id":"https:\/\/www.alteacultural.com\/es\/2021\/05\/03\/nova-exposicio-al-palau-altea\/#primaryimage"},"thumbnailUrl":"https:\/\/www.alteacultural.com\/wp-content\/uploads\/2021\/04\/ExpoAttrezzoJosepSou_Cabecera-01.jpg","datePublished":"2021-05-03T17:56:17+00:00","dateModified":"2021-06-03T17:55:53+00:00","author":{"@id":"https:\/\/www.alteacultural.com\/es\/#\/schema\/person\/c4e137537f1af546d214a315255e5172"},"breadcrumb":{"@id":"https:\/\/www.alteacultural.com\/es\/2021\/05\/03\/nova-exposicio-al-palau-altea\/#breadcrumb"},"inLanguage":"es","potentialAction":[{"@type":"ReadAction","target":["https:\/\/www.alteacultural.com\/es\/2021\/05\/03\/nova-exposicio-al-palau-altea\/"]}]},{"@type":"ImageObject","inLanguage":"es","@id":"https:\/\/www.alteacultural.com\/es\/2021\/05\/03\/nova-exposicio-al-palau-altea\/#primaryimage","url":"https:\/\/www.alteacultural.com\/wp-content\/uploads\/2021\/04\/ExpoAttrezzoJosepSou_Cabecera-01.jpg","contentUrl":"https:\/\/www.alteacultural.com\/wp-content\/uploads\/2021\/04\/ExpoAttrezzoJosepSou_Cabecera-01.jpg","width":2362,"height":1329},{"@type":"BreadcrumbList","@id":"https:\/\/www.alteacultural.com\/es\/2021\/05\/03\/nova-exposicio-al-palau-altea\/#breadcrumb","itemListElement":[{"@type":"ListItem","position":1,"name":"Inici","item":"https:\/\/www.alteacultural.com\/es\/"},{"@type":"ListItem","position":2,"name":"Nueva exposici\u00f3n en Palau Altea"}]},{"@type":"WebSite","@id":"https:\/\/www.alteacultural.com\/es\/#website","url":"https:\/\/www.alteacultural.com\/es\/","name":"Altea Cultural","description":"Regidoria de Cultura de l&#039;Ajuntament d&#039;Altea","potentialAction":[{"@type":"SearchAction","target":{"@type":"EntryPoint","urlTemplate":"https:\/\/www.alteacultural.com\/es\/?s={search_term_string}"},"query-input":"required name=search_term_string"}],"inLanguage":"es"},{"@type":"Person","@id":"https:\/\/www.alteacultural.com\/es\/#\/schema\/person\/c4e137537f1af546d214a315255e5172","name":"sfaltea.com-admin","image":{"@type":"ImageObject","inLanguage":"es","@id":"https:\/\/www.alteacultural.com\/es\/#\/schema\/person\/image\/","url":"https:\/\/secure.gravatar.com\/avatar\/f7473fa2fbd351270ccfd469de536202?s=96&d=mm&r=g","contentUrl":"https:\/\/secure.gravatar.com\/avatar\/f7473fa2fbd351270ccfd469de536202?s=96&d=mm&r=g","caption":"sfaltea.com-admin"},"url":"https:\/\/www.alteacultural.com\/es\/author\/sfaltea-com-admin\/"}]}},"_links":{"self":[{"href":"https:\/\/www.alteacultural.com\/es\/wp-json\/wp\/v2\/posts\/6221"}],"collection":[{"href":"https:\/\/www.alteacultural.com\/es\/wp-json\/wp\/v2\/posts"}],"about":[{"href":"https:\/\/www.alteacultural.com\/es\/wp-json\/wp\/v2\/types\/post"}],"author":[{"embeddable":true,"href":"https:\/\/www.alteacultural.com\/es\/wp-json\/wp\/v2\/users\/1"}],"replies":[{"embeddable":true,"href":"https:\/\/www.alteacultural.com\/es\/wp-json\/wp\/v2\/comments?post=6221"}],"version-history":[{"count":6,"href":"https:\/\/www.alteacultural.com\/es\/wp-json\/wp\/v2\/posts\/6221\/revisions"}],"predecessor-version":[{"id":6230,"href":"https:\/\/www.alteacultural.com\/es\/wp-json\/wp\/v2\/posts\/6221\/revisions\/6230"}],"wp:featuredmedia":[{"embeddable":true,"href":"https:\/\/www.alteacultural.com\/es\/wp-json\/wp\/v2\/media\/6014"}],"wp:attachment":[{"href":"https:\/\/www.alteacultural.com\/es\/wp-json\/wp\/v2\/media?parent=6221"}],"curies":[{"name":"wp","href":"https:\/\/api.w.org\/{rel}","templated":true}]}}