{"id":699,"date":"2020-04-19T11:54:00","date_gmt":"2020-04-19T09:54:00","guid":{"rendered":"https:\/\/www.alteacultural.com\/?p=699"},"modified":"2020-09-06T12:04:06","modified_gmt":"2020-09-06T10:04:06","slug":"microrelats-del-confinament-a-altea","status":"publish","type":"post","link":"https:\/\/www.alteacultural.com\/es\/2020\/04\/19\/microrelats-del-confinament-a-altea\/","title":{"rendered":"Microrrelatos del confinamiento en Altea"},"content":{"rendered":"\n<p>\u00a1Nueva propuesta de Cultura Altea y las Bibliotecas de Altea durante este periodo de confinamiento!<\/p>\n\n\n\n<p>MICRORRELATOS DEL CONFINAMIENTO EN ALTEA<br>Concurso de microrrelatos<\/p>\n\n\n\n<p>Resumen condiciones de participaci\u00f3n:<\/p>\n\n\n\n<p>Tem\u00e1tica: palabras obligatorias: \u00abAltea\u00bb y \u00abconfinamiento\u00bb<\/p>\n\n\n\n<p>Extensi\u00f3n: Entre 75-150 150 palabras<\/p>\n\n\n\n<p>Categor\u00edas: Infantil (hasta 11 a\u00f1os), Juvenil (12-17 a\u00f1os), Adultos<\/p>\n\n\n\n<p>Presentaci\u00f3n: hasta 3\/05\/2020 a trav\u00e9s de formulario en bibliotequesdaltea.com. Solo un relato por persona.<\/p>\n\n\n\n<p>Formato: .<em>doc <\/em>o<em> .docx<\/em>. Creaci\u00f3n propia, en castellano o valenciano<\/p>\n\n\n\n<p>Premios por categor\u00eda:<br>&#8211; 1.\u00ba premio: diploma y vale de 100 \u20ac<br>&#8211; 2.\u00ba premio: diploma y vale de 50 \u20ac<br>(los vales son para cambiar por art\u00edculos en librer\u00eda\/papeler\u00eda local)<\/p>\n\n\n\n<p>Jurado: formato por personas cualificadas del mundo literario<\/p>\n\n\n\n<p>Resoluci\u00f3n: previsiblemente el 9-05-2020 en el perfil de Facebook bibliotequesdaltea.<\/p>\n\n\n\n<p>+info: www.bibliotequesdaltea.com (enlace directo: https:\/\/bit.ly\/2xf5xa8)<\/p>\n\n\n\n<figure class=\"wp-block-image size-large\"><img fetchpriority=\"high\" decoding=\"async\" width=\"717\" height=\"1024\" src=\"https:\/\/www.alteacultural.com\/wp-content\/uploads\/2020\/09\/Microrelats_del_confinament-01-717x1024.jpg\" alt=\"\" class=\"wp-image-700\" srcset=\"https:\/\/www.alteacultural.com\/wp-content\/uploads\/2020\/09\/Microrelats_del_confinament-01-717x1024.jpg 717w, https:\/\/www.alteacultural.com\/wp-content\/uploads\/2020\/09\/Microrelats_del_confinament-01-210x300.jpg 210w, https:\/\/www.alteacultural.com\/wp-content\/uploads\/2020\/09\/Microrelats_del_confinament-01-768x1097.jpg 768w, https:\/\/www.alteacultural.com\/wp-content\/uploads\/2020\/09\/Microrelats_del_confinament-01-1075x1536.jpg 1075w, https:\/\/www.alteacultural.com\/wp-content\/uploads\/2020\/09\/Microrelats_del_confinament-01-1434x2048.jpg 1434w, https:\/\/www.alteacultural.com\/wp-content\/uploads\/2020\/09\/Microrelats_del_confinament-01.jpg 1458w\" sizes=\"(max-width: 717px) 100vw, 717px\" \/><\/figure>\n","protected":false},"excerpt":{"rendered":"<p>\u00a1Nueva propuesta de Cultura Altea y las Bibliotecas de Altea durante este periodo de confinamiento! MICRORRELATOS DEL CONFINAMIENTO EN [&hellip;]<\/p>\n","protected":false},"author":1,"featured_media":700,"comment_status":"open","ping_status":"open","sticky":false,"template":"","format":"standard","meta":{"_expiration-date-status":"saved","_expiration-date":0,"_expiration-date-type":"","_expiration-date-categories":[],"_expiration-date-options":[],"footnotes":""},"yoast_head":"<!-- This site is optimized with the Yoast SEO plugin v22.8 - https:\/\/yoast.com\/wordpress\/plugins\/seo\/ -->\n<title>Microrrelatos del confinamiento en Altea - Altea Cultural<\/title>\n<meta name=\"robots\" content=\"index, follow, max-snippet:-1, max-image-preview:large, max-video-preview:-1\" \/>\n<link rel=\"canonical\" href=\"https:\/\/www.alteacultural.com\/es\/2020\/04\/19\/microrelats-del-confinament-a-altea\/\" \/>\n<meta property=\"og:locale\" content=\"es_ES\" \/>\n<meta property=\"og:type\" content=\"article\" \/>\n<meta property=\"og:title\" content=\"Microrrelatos del confinamiento en Altea - Altea Cultural\" \/>\n<meta property=\"og:description\" content=\"\u00a1Nueva propuesta de Cultura Altea y las Bibliotecas de Altea durante este periodo de confinamiento! MICRORRELATOS DEL CONFINAMIENTO EN [&hellip;]\" \/>\n<meta property=\"og:url\" content=\"https:\/\/www.alteacultural.com\/es\/2020\/04\/19\/microrelats-del-confinament-a-altea\/\" \/>\n<meta property=\"og:site_name\" content=\"Altea Cultural\" \/>\n<meta property=\"article:published_time\" content=\"2020-04-19T09:54:00+00:00\" \/>\n<meta property=\"article:modified_time\" content=\"2020-09-06T10:04:06+00:00\" \/>\n<meta property=\"og:image\" content=\"https:\/\/www.alteacultural.com\/wp-content\/uploads\/2020\/09\/Microrelats_del_confinament-01.jpg\" \/>\n\t<meta property=\"og:image:width\" content=\"1458\" \/>\n\t<meta property=\"og:image:height\" content=\"2083\" \/>\n\t<meta property=\"og:image:type\" content=\"image\/jpeg\" \/>\n<meta name=\"author\" content=\"sfaltea.com-admin\" \/>\n<meta name=\"twitter:card\" content=\"summary_large_image\" \/>\n<meta name=\"twitter:label1\" content=\"Escrito por\" \/>\n\t<meta name=\"twitter:data1\" content=\"sfaltea.com-admin\" \/>\n\t<meta name=\"twitter:label2\" content=\"Tiempo de lectura\" \/>\n\t<meta name=\"twitter:data2\" content=\"1 minuto\" \/>\n<script type=\"application\/ld+json\" class=\"yoast-schema-graph\">{\"@context\":\"https:\/\/schema.org\",\"@graph\":[{\"@type\":\"WebPage\",\"@id\":\"https:\/\/www.alteacultural.com\/es\/2020\/04\/19\/microrelats-del-confinament-a-altea\/\",\"url\":\"https:\/\/www.alteacultural.com\/es\/2020\/04\/19\/microrelats-del-confinament-a-altea\/\",\"name\":\"Microrrelatos del confinamiento en Altea - Altea Cultural\",\"isPartOf\":{\"@id\":\"https:\/\/www.alteacultural.com\/es\/#website\"},\"primaryImageOfPage\":{\"@id\":\"https:\/\/www.alteacultural.com\/es\/2020\/04\/19\/microrelats-del-confinament-a-altea\/#primaryimage\"},\"image\":{\"@id\":\"https:\/\/www.alteacultural.com\/es\/2020\/04\/19\/microrelats-del-confinament-a-altea\/#primaryimage\"},\"thumbnailUrl\":\"https:\/\/www.alteacultural.com\/wp-content\/uploads\/2020\/09\/Microrelats_del_confinament-01.jpg\",\"datePublished\":\"2020-04-19T09:54:00+00:00\",\"dateModified\":\"2020-09-06T10:04:06+00:00\",\"author\":{\"@id\":\"https:\/\/www.alteacultural.com\/es\/#\/schema\/person\/c4e137537f1af546d214a315255e5172\"},\"breadcrumb\":{\"@id\":\"https:\/\/www.alteacultural.com\/es\/2020\/04\/19\/microrelats-del-confinament-a-altea\/#breadcrumb\"},\"inLanguage\":\"es\",\"potentialAction\":[{\"@type\":\"ReadAction\",\"target\":[\"https:\/\/www.alteacultural.com\/es\/2020\/04\/19\/microrelats-del-confinament-a-altea\/\"]}]},{\"@type\":\"ImageObject\",\"inLanguage\":\"es\",\"@id\":\"https:\/\/www.alteacultural.com\/es\/2020\/04\/19\/microrelats-del-confinament-a-altea\/#primaryimage\",\"url\":\"https:\/\/www.alteacultural.com\/wp-content\/uploads\/2020\/09\/Microrelats_del_confinament-01.jpg\",\"contentUrl\":\"https:\/\/www.alteacultural.com\/wp-content\/uploads\/2020\/09\/Microrelats_del_confinament-01.jpg\",\"width\":1458,\"height\":2083},{\"@type\":\"BreadcrumbList\",\"@id\":\"https:\/\/www.alteacultural.com\/es\/2020\/04\/19\/microrelats-del-confinament-a-altea\/#breadcrumb\",\"itemListElement\":[{\"@type\":\"ListItem\",\"position\":1,\"name\":\"Inici\",\"item\":\"https:\/\/www.alteacultural.com\/es\/\"},{\"@type\":\"ListItem\",\"position\":2,\"name\":\"Microrrelatos del confinamiento en Altea\"}]},{\"@type\":\"WebSite\",\"@id\":\"https:\/\/www.alteacultural.com\/es\/#website\",\"url\":\"https:\/\/www.alteacultural.com\/es\/\",\"name\":\"Altea Cultural\",\"description\":\"Regidoria de Cultura de l&#039;Ajuntament d&#039;Altea\",\"potentialAction\":[{\"@type\":\"SearchAction\",\"target\":{\"@type\":\"EntryPoint\",\"urlTemplate\":\"https:\/\/www.alteacultural.com\/es\/?s={search_term_string}\"},\"query-input\":\"required name=search_term_string\"}],\"inLanguage\":\"es\"},{\"@type\":\"Person\",\"@id\":\"https:\/\/www.alteacultural.com\/es\/#\/schema\/person\/c4e137537f1af546d214a315255e5172\",\"name\":\"sfaltea.com-admin\",\"image\":{\"@type\":\"ImageObject\",\"inLanguage\":\"es\",\"@id\":\"https:\/\/www.alteacultural.com\/es\/#\/schema\/person\/image\/\",\"url\":\"https:\/\/secure.gravatar.com\/avatar\/f7473fa2fbd351270ccfd469de536202?s=96&d=mm&r=g\",\"contentUrl\":\"https:\/\/secure.gravatar.com\/avatar\/f7473fa2fbd351270ccfd469de536202?s=96&d=mm&r=g\",\"caption\":\"sfaltea.com-admin\"},\"url\":\"https:\/\/www.alteacultural.com\/es\/author\/sfaltea-com-admin\/\"}]}<\/script>\n<!-- \/ Yoast SEO plugin. -->","yoast_head_json":{"title":"Microrrelatos del confinamiento en Altea - Altea Cultural","robots":{"index":"index","follow":"follow","max-snippet":"max-snippet:-1","max-image-preview":"max-image-preview:large","max-video-preview":"max-video-preview:-1"},"canonical":"https:\/\/www.alteacultural.com\/es\/2020\/04\/19\/microrelats-del-confinament-a-altea\/","og_locale":"es_ES","og_type":"article","og_title":"Microrrelatos del confinamiento en Altea - Altea Cultural","og_description":"\u00a1Nueva propuesta de Cultura Altea y las Bibliotecas de Altea durante este periodo de confinamiento! MICRORRELATOS DEL CONFINAMIENTO EN [&hellip;]","og_url":"https:\/\/www.alteacultural.com\/es\/2020\/04\/19\/microrelats-del-confinament-a-altea\/","og_site_name":"Altea Cultural","article_published_time":"2020-04-19T09:54:00+00:00","article_modified_time":"2020-09-06T10:04:06+00:00","og_image":[{"width":1458,"height":2083,"url":"https:\/\/www.alteacultural.com\/wp-content\/uploads\/2020\/09\/Microrelats_del_confinament-01.jpg","type":"image\/jpeg"}],"author":"sfaltea.com-admin","twitter_card":"summary_large_image","twitter_misc":{"Escrito por":"sfaltea.com-admin","Tiempo de lectura":"1 minuto"},"schema":{"@context":"https:\/\/schema.org","@graph":[{"@type":"WebPage","@id":"https:\/\/www.alteacultural.com\/es\/2020\/04\/19\/microrelats-del-confinament-a-altea\/","url":"https:\/\/www.alteacultural.com\/es\/2020\/04\/19\/microrelats-del-confinament-a-altea\/","name":"Microrrelatos del confinamiento en Altea - Altea Cultural","isPartOf":{"@id":"https:\/\/www.alteacultural.com\/es\/#website"},"primaryImageOfPage":{"@id":"https:\/\/www.alteacultural.com\/es\/2020\/04\/19\/microrelats-del-confinament-a-altea\/#primaryimage"},"image":{"@id":"https:\/\/www.alteacultural.com\/es\/2020\/04\/19\/microrelats-del-confinament-a-altea\/#primaryimage"},"thumbnailUrl":"https:\/\/www.alteacultural.com\/wp-content\/uploads\/2020\/09\/Microrelats_del_confinament-01.jpg","datePublished":"2020-04-19T09:54:00+00:00","dateModified":"2020-09-06T10:04:06+00:00","author":{"@id":"https:\/\/www.alteacultural.com\/es\/#\/schema\/person\/c4e137537f1af546d214a315255e5172"},"breadcrumb":{"@id":"https:\/\/www.alteacultural.com\/es\/2020\/04\/19\/microrelats-del-confinament-a-altea\/#breadcrumb"},"inLanguage":"es","potentialAction":[{"@type":"ReadAction","target":["https:\/\/www.alteacultural.com\/es\/2020\/04\/19\/microrelats-del-confinament-a-altea\/"]}]},{"@type":"ImageObject","inLanguage":"es","@id":"https:\/\/www.alteacultural.com\/es\/2020\/04\/19\/microrelats-del-confinament-a-altea\/#primaryimage","url":"https:\/\/www.alteacultural.com\/wp-content\/uploads\/2020\/09\/Microrelats_del_confinament-01.jpg","contentUrl":"https:\/\/www.alteacultural.com\/wp-content\/uploads\/2020\/09\/Microrelats_del_confinament-01.jpg","width":1458,"height":2083},{"@type":"BreadcrumbList","@id":"https:\/\/www.alteacultural.com\/es\/2020\/04\/19\/microrelats-del-confinament-a-altea\/#breadcrumb","itemListElement":[{"@type":"ListItem","position":1,"name":"Inici","item":"https:\/\/www.alteacultural.com\/es\/"},{"@type":"ListItem","position":2,"name":"Microrrelatos del confinamiento en Altea"}]},{"@type":"WebSite","@id":"https:\/\/www.alteacultural.com\/es\/#website","url":"https:\/\/www.alteacultural.com\/es\/","name":"Altea Cultural","description":"Regidoria de Cultura de l&#039;Ajuntament d&#039;Altea","potentialAction":[{"@type":"SearchAction","target":{"@type":"EntryPoint","urlTemplate":"https:\/\/www.alteacultural.com\/es\/?s={search_term_string}"},"query-input":"required name=search_term_string"}],"inLanguage":"es"},{"@type":"Person","@id":"https:\/\/www.alteacultural.com\/es\/#\/schema\/person\/c4e137537f1af546d214a315255e5172","name":"sfaltea.com-admin","image":{"@type":"ImageObject","inLanguage":"es","@id":"https:\/\/www.alteacultural.com\/es\/#\/schema\/person\/image\/","url":"https:\/\/secure.gravatar.com\/avatar\/f7473fa2fbd351270ccfd469de536202?s=96&d=mm&r=g","contentUrl":"https:\/\/secure.gravatar.com\/avatar\/f7473fa2fbd351270ccfd469de536202?s=96&d=mm&r=g","caption":"sfaltea.com-admin"},"url":"https:\/\/www.alteacultural.com\/es\/author\/sfaltea-com-admin\/"}]}},"_links":{"self":[{"href":"https:\/\/www.alteacultural.com\/es\/wp-json\/wp\/v2\/posts\/699"}],"collection":[{"href":"https:\/\/www.alteacultural.com\/es\/wp-json\/wp\/v2\/posts"}],"about":[{"href":"https:\/\/www.alteacultural.com\/es\/wp-json\/wp\/v2\/types\/post"}],"author":[{"embeddable":true,"href":"https:\/\/www.alteacultural.com\/es\/wp-json\/wp\/v2\/users\/1"}],"replies":[{"embeddable":true,"href":"https:\/\/www.alteacultural.com\/es\/wp-json\/wp\/v2\/comments?post=699"}],"version-history":[{"count":3,"href":"https:\/\/www.alteacultural.com\/es\/wp-json\/wp\/v2\/posts\/699\/revisions"}],"predecessor-version":[{"id":708,"href":"https:\/\/www.alteacultural.com\/es\/wp-json\/wp\/v2\/posts\/699\/revisions\/708"}],"wp:featuredmedia":[{"embeddable":true,"href":"https:\/\/www.alteacultural.com\/es\/wp-json\/wp\/v2\/media\/700"}],"wp:attachment":[{"href":"https:\/\/www.alteacultural.com\/es\/wp-json\/wp\/v2\/media?parent=699"}],"curies":[{"name":"wp","href":"https:\/\/api.w.org\/{rel}","templated":true}]}}