{"id":715,"date":"2020-05-13T12:06:00","date_gmt":"2020-05-13T10:06:00","guid":{"rendered":"https:\/\/www.alteacultural.com\/2020\/05\/13\/premis-de-microrelats-del-confinament-a-altea\/"},"modified":"2020-09-06T12:16:06","modified_gmt":"2020-09-06T10:16:06","slug":"premis-de-microrelats-del-confinament-a-altea","status":"publish","type":"post","link":"https:\/\/www.alteacultural.com\/es\/2020\/05\/13\/premis-de-microrelats-del-confinament-a-altea\/","title":{"rendered":"PREMIOS de &#8216;Microrrelatos del confinamiento en Altea&#8217;"},"content":{"rendered":"\n<p>PREMIS del CONCURSO DE MICRORRELATOS<br>&#8216;Microrrelatos del confinamiento en Altea&#8217;<\/p>\n\n\n\n<p>Ver el acta de premios y relatos ganadores:<br><a rel=\"noreferrer noopener\" href=\"http:\/\/biblioteca.alteacultural.es\/bibliotequesdaltea.com\/MICRORELATS_CONFINAMENT_RESULTAT.pdf?fbclid=IwAR3Vc2MI_OP_biEdwBXjv37YKQUxCaB9dqfp7hean7Mpois02naKeTOPOJw\" target=\"_blank\">http:\/\/biblioteca.alteacultural.es\/\u2026\/MICRORELATS_CONFINAMEN\u2026<\/a><\/p>\n\n\n\n<p>Ver el resto de relatos participantes (no premiados):<br><a href=\"http:\/\/biblioteca.alteacultural.es\/bibliotequesdaltea.com\/MICRORELATS_CONFINAMENT_RELATS_NO_PREMIATS.pdf?fbclid=IwAR3AbznlQC_PBQBihEVQLgrWAfeN_knsiJl5wy7RDFlQMYnFP1y3AQiTLGs\" target=\"_blank\" rel=\"noreferrer noopener\">http:\/\/biblioteca.alteacultural.es\/\u2026\/MICRORELATS_CONFINAMEN\u2026<\/a><\/p>\n\n\n\n<p>En el caso de los ganadores, har\u00e1 falta, en el plazo de los pr\u00f3ximos 5 d\u00edas (hasta lunes 18\/mayo), respondan el correo que le acabamos de enviar, especificando en nombre de la librer\u00eda\/papeler\u00eda de Altea que quieran usar su vale. En caso de no decir nada, la Concejal\u00eda asignar\u00e1 un comercio aleatoriamente y lo comunicar\u00e1 al ganador.<\/p>\n\n\n\n<p>En el caso de los NO ganadores, necesitamos vuestra autorizaci\u00f3n, en el plazo de los pr\u00f3ximos 5 d\u00edas (hasta lunes 18\/mayo), para poder publicar vuestro relato (seg\u00fan las bases, tan solo \u00edbamos a publicar los relatos ganadores, pero atendido al nivel y diversidad de los relatos hemos valorado la publicaci\u00f3n de todos). Solo hay que responder el correo que le acabamos de enviar con la palabra \u00abSI\u00bb. Previsiblemente el martes 19 de mayo se publicar\u00e1 el listado con todos los participantes que han autorizado.<\/p>\n\n\n\n<p>\u00a1Muchas gracias a todos los participantes y enhorabuena a los ganadores!<\/p>\n\n\n\n<p><\/p>\n","protected":false},"excerpt":{"rendered":"<p>PREMIS del CONCURSO DE MICRORRELATOS&#8216;Microrrelatos del confinamiento en Altea&#8217; Ver el acta de premios y relatos ganadores:http:\/\/biblioteca.alteacultural.es\/\u2026\/MICRORELATS_CONFINAMEN\u2026 Ver el [&hellip;]<\/p>\n","protected":false},"author":1,"featured_media":713,"comment_status":"open","ping_status":"open","sticky":false,"template":"","format":"standard","meta":{"_expiration-date-status":"saved","_expiration-date":0,"_expiration-date-type":"","_expiration-date-categories":[],"_expiration-date-options":[],"footnotes":""},"yoast_head":"<!-- This site is optimized with the Yoast SEO plugin v22.8 - https:\/\/yoast.com\/wordpress\/plugins\/seo\/ -->\n<title>PREMIOS de &#039;Microrrelatos del confinamiento en Altea&#039; - Altea Cultural<\/title>\n<meta name=\"robots\" content=\"index, follow, max-snippet:-1, max-image-preview:large, max-video-preview:-1\" \/>\n<link rel=\"canonical\" href=\"https:\/\/www.alteacultural.com\/es\/2020\/05\/13\/premis-de-microrelats-del-confinament-a-altea\/\" \/>\n<meta property=\"og:locale\" content=\"es_ES\" \/>\n<meta property=\"og:type\" content=\"article\" \/>\n<meta property=\"og:title\" content=\"PREMIOS de &#039;Microrrelatos del confinamiento en Altea&#039; - Altea Cultural\" \/>\n<meta property=\"og:description\" content=\"PREMIS del CONCURSO DE MICRORRELATOS&#8216;Microrrelatos del confinamiento en Altea&#8217; Ver el acta de premios y relatos ganadores:http:\/\/biblioteca.alteacultural.es\/\u2026\/MICRORELATS_CONFINAMEN\u2026 Ver el [&hellip;]\" \/>\n<meta property=\"og:url\" content=\"https:\/\/www.alteacultural.com\/es\/2020\/05\/13\/premis-de-microrelats-del-confinament-a-altea\/\" \/>\n<meta property=\"og:site_name\" content=\"Altea Cultural\" \/>\n<meta property=\"article:published_time\" content=\"2020-05-13T10:06:00+00:00\" \/>\n<meta property=\"article:modified_time\" content=\"2020-09-06T10:16:06+00:00\" \/>\n<meta property=\"og:image\" content=\"https:\/\/www.alteacultural.com\/wp-content\/uploads\/2020\/09\/Microrelats_del_confinament-banner.jpg\" \/>\n\t<meta property=\"og:image:width\" content=\"1458\" \/>\n\t<meta property=\"og:image:height\" content=\"384\" \/>\n\t<meta property=\"og:image:type\" content=\"image\/jpeg\" \/>\n<meta name=\"author\" content=\"sfaltea.com-admin\" \/>\n<meta name=\"twitter:card\" content=\"summary_large_image\" \/>\n<meta name=\"twitter:label1\" content=\"Escrito por\" \/>\n\t<meta name=\"twitter:data1\" content=\"sfaltea.com-admin\" \/>\n\t<meta name=\"twitter:label2\" content=\"Tiempo de lectura\" \/>\n\t<meta name=\"twitter:data2\" content=\"1 minuto\" \/>\n<script type=\"application\/ld+json\" class=\"yoast-schema-graph\">{\"@context\":\"https:\/\/schema.org\",\"@graph\":[{\"@type\":\"WebPage\",\"@id\":\"https:\/\/www.alteacultural.com\/es\/2020\/05\/13\/premis-de-microrelats-del-confinament-a-altea\/\",\"url\":\"https:\/\/www.alteacultural.com\/es\/2020\/05\/13\/premis-de-microrelats-del-confinament-a-altea\/\",\"name\":\"PREMIOS de 'Microrrelatos del confinamiento en Altea' - Altea Cultural\",\"isPartOf\":{\"@id\":\"https:\/\/www.alteacultural.com\/es\/#website\"},\"primaryImageOfPage\":{\"@id\":\"https:\/\/www.alteacultural.com\/es\/2020\/05\/13\/premis-de-microrelats-del-confinament-a-altea\/#primaryimage\"},\"image\":{\"@id\":\"https:\/\/www.alteacultural.com\/es\/2020\/05\/13\/premis-de-microrelats-del-confinament-a-altea\/#primaryimage\"},\"thumbnailUrl\":\"https:\/\/www.alteacultural.com\/wp-content\/uploads\/2020\/09\/Microrelats_del_confinament-banner.jpg\",\"datePublished\":\"2020-05-13T10:06:00+00:00\",\"dateModified\":\"2020-09-06T10:16:06+00:00\",\"author\":{\"@id\":\"https:\/\/www.alteacultural.com\/es\/#\/schema\/person\/c4e137537f1af546d214a315255e5172\"},\"breadcrumb\":{\"@id\":\"https:\/\/www.alteacultural.com\/es\/2020\/05\/13\/premis-de-microrelats-del-confinament-a-altea\/#breadcrumb\"},\"inLanguage\":\"es\",\"potentialAction\":[{\"@type\":\"ReadAction\",\"target\":[\"https:\/\/www.alteacultural.com\/es\/2020\/05\/13\/premis-de-microrelats-del-confinament-a-altea\/\"]}]},{\"@type\":\"ImageObject\",\"inLanguage\":\"es\",\"@id\":\"https:\/\/www.alteacultural.com\/es\/2020\/05\/13\/premis-de-microrelats-del-confinament-a-altea\/#primaryimage\",\"url\":\"https:\/\/www.alteacultural.com\/wp-content\/uploads\/2020\/09\/Microrelats_del_confinament-banner.jpg\",\"contentUrl\":\"https:\/\/www.alteacultural.com\/wp-content\/uploads\/2020\/09\/Microrelats_del_confinament-banner.jpg\",\"width\":1458,\"height\":384},{\"@type\":\"BreadcrumbList\",\"@id\":\"https:\/\/www.alteacultural.com\/es\/2020\/05\/13\/premis-de-microrelats-del-confinament-a-altea\/#breadcrumb\",\"itemListElement\":[{\"@type\":\"ListItem\",\"position\":1,\"name\":\"Inici\",\"item\":\"https:\/\/www.alteacultural.com\/es\/\"},{\"@type\":\"ListItem\",\"position\":2,\"name\":\"PREMIOS de &#8216;Microrrelatos del confinamiento en Altea&#8217;\"}]},{\"@type\":\"WebSite\",\"@id\":\"https:\/\/www.alteacultural.com\/es\/#website\",\"url\":\"https:\/\/www.alteacultural.com\/es\/\",\"name\":\"Altea Cultural\",\"description\":\"Regidoria de Cultura de l&#039;Ajuntament d&#039;Altea\",\"potentialAction\":[{\"@type\":\"SearchAction\",\"target\":{\"@type\":\"EntryPoint\",\"urlTemplate\":\"https:\/\/www.alteacultural.com\/es\/?s={search_term_string}\"},\"query-input\":\"required name=search_term_string\"}],\"inLanguage\":\"es\"},{\"@type\":\"Person\",\"@id\":\"https:\/\/www.alteacultural.com\/es\/#\/schema\/person\/c4e137537f1af546d214a315255e5172\",\"name\":\"sfaltea.com-admin\",\"image\":{\"@type\":\"ImageObject\",\"inLanguage\":\"es\",\"@id\":\"https:\/\/www.alteacultural.com\/es\/#\/schema\/person\/image\/\",\"url\":\"https:\/\/secure.gravatar.com\/avatar\/f7473fa2fbd351270ccfd469de536202?s=96&d=mm&r=g\",\"contentUrl\":\"https:\/\/secure.gravatar.com\/avatar\/f7473fa2fbd351270ccfd469de536202?s=96&d=mm&r=g\",\"caption\":\"sfaltea.com-admin\"},\"url\":\"https:\/\/www.alteacultural.com\/es\/author\/sfaltea-com-admin\/\"}]}<\/script>\n<!-- \/ Yoast SEO plugin. -->","yoast_head_json":{"title":"PREMIOS de 'Microrrelatos del confinamiento en Altea' - Altea Cultural","robots":{"index":"index","follow":"follow","max-snippet":"max-snippet:-1","max-image-preview":"max-image-preview:large","max-video-preview":"max-video-preview:-1"},"canonical":"https:\/\/www.alteacultural.com\/es\/2020\/05\/13\/premis-de-microrelats-del-confinament-a-altea\/","og_locale":"es_ES","og_type":"article","og_title":"PREMIOS de 'Microrrelatos del confinamiento en Altea' - Altea Cultural","og_description":"PREMIS del CONCURSO DE MICRORRELATOS&#8216;Microrrelatos del confinamiento en Altea&#8217; Ver el acta de premios y relatos ganadores:http:\/\/biblioteca.alteacultural.es\/\u2026\/MICRORELATS_CONFINAMEN\u2026 Ver el [&hellip;]","og_url":"https:\/\/www.alteacultural.com\/es\/2020\/05\/13\/premis-de-microrelats-del-confinament-a-altea\/","og_site_name":"Altea Cultural","article_published_time":"2020-05-13T10:06:00+00:00","article_modified_time":"2020-09-06T10:16:06+00:00","og_image":[{"width":1458,"height":384,"url":"https:\/\/www.alteacultural.com\/wp-content\/uploads\/2020\/09\/Microrelats_del_confinament-banner.jpg","type":"image\/jpeg"}],"author":"sfaltea.com-admin","twitter_card":"summary_large_image","twitter_misc":{"Escrito por":"sfaltea.com-admin","Tiempo de lectura":"1 minuto"},"schema":{"@context":"https:\/\/schema.org","@graph":[{"@type":"WebPage","@id":"https:\/\/www.alteacultural.com\/es\/2020\/05\/13\/premis-de-microrelats-del-confinament-a-altea\/","url":"https:\/\/www.alteacultural.com\/es\/2020\/05\/13\/premis-de-microrelats-del-confinament-a-altea\/","name":"PREMIOS de 'Microrrelatos del confinamiento en Altea' - Altea Cultural","isPartOf":{"@id":"https:\/\/www.alteacultural.com\/es\/#website"},"primaryImageOfPage":{"@id":"https:\/\/www.alteacultural.com\/es\/2020\/05\/13\/premis-de-microrelats-del-confinament-a-altea\/#primaryimage"},"image":{"@id":"https:\/\/www.alteacultural.com\/es\/2020\/05\/13\/premis-de-microrelats-del-confinament-a-altea\/#primaryimage"},"thumbnailUrl":"https:\/\/www.alteacultural.com\/wp-content\/uploads\/2020\/09\/Microrelats_del_confinament-banner.jpg","datePublished":"2020-05-13T10:06:00+00:00","dateModified":"2020-09-06T10:16:06+00:00","author":{"@id":"https:\/\/www.alteacultural.com\/es\/#\/schema\/person\/c4e137537f1af546d214a315255e5172"},"breadcrumb":{"@id":"https:\/\/www.alteacultural.com\/es\/2020\/05\/13\/premis-de-microrelats-del-confinament-a-altea\/#breadcrumb"},"inLanguage":"es","potentialAction":[{"@type":"ReadAction","target":["https:\/\/www.alteacultural.com\/es\/2020\/05\/13\/premis-de-microrelats-del-confinament-a-altea\/"]}]},{"@type":"ImageObject","inLanguage":"es","@id":"https:\/\/www.alteacultural.com\/es\/2020\/05\/13\/premis-de-microrelats-del-confinament-a-altea\/#primaryimage","url":"https:\/\/www.alteacultural.com\/wp-content\/uploads\/2020\/09\/Microrelats_del_confinament-banner.jpg","contentUrl":"https:\/\/www.alteacultural.com\/wp-content\/uploads\/2020\/09\/Microrelats_del_confinament-banner.jpg","width":1458,"height":384},{"@type":"BreadcrumbList","@id":"https:\/\/www.alteacultural.com\/es\/2020\/05\/13\/premis-de-microrelats-del-confinament-a-altea\/#breadcrumb","itemListElement":[{"@type":"ListItem","position":1,"name":"Inici","item":"https:\/\/www.alteacultural.com\/es\/"},{"@type":"ListItem","position":2,"name":"PREMIOS de &#8216;Microrrelatos del confinamiento en Altea&#8217;"}]},{"@type":"WebSite","@id":"https:\/\/www.alteacultural.com\/es\/#website","url":"https:\/\/www.alteacultural.com\/es\/","name":"Altea Cultural","description":"Regidoria de Cultura de l&#039;Ajuntament d&#039;Altea","potentialAction":[{"@type":"SearchAction","target":{"@type":"EntryPoint","urlTemplate":"https:\/\/www.alteacultural.com\/es\/?s={search_term_string}"},"query-input":"required name=search_term_string"}],"inLanguage":"es"},{"@type":"Person","@id":"https:\/\/www.alteacultural.com\/es\/#\/schema\/person\/c4e137537f1af546d214a315255e5172","name":"sfaltea.com-admin","image":{"@type":"ImageObject","inLanguage":"es","@id":"https:\/\/www.alteacultural.com\/es\/#\/schema\/person\/image\/","url":"https:\/\/secure.gravatar.com\/avatar\/f7473fa2fbd351270ccfd469de536202?s=96&d=mm&r=g","contentUrl":"https:\/\/secure.gravatar.com\/avatar\/f7473fa2fbd351270ccfd469de536202?s=96&d=mm&r=g","caption":"sfaltea.com-admin"},"url":"https:\/\/www.alteacultural.com\/es\/author\/sfaltea-com-admin\/"}]}},"_links":{"self":[{"href":"https:\/\/www.alteacultural.com\/es\/wp-json\/wp\/v2\/posts\/715"}],"collection":[{"href":"https:\/\/www.alteacultural.com\/es\/wp-json\/wp\/v2\/posts"}],"about":[{"href":"https:\/\/www.alteacultural.com\/es\/wp-json\/wp\/v2\/types\/post"}],"author":[{"embeddable":true,"href":"https:\/\/www.alteacultural.com\/es\/wp-json\/wp\/v2\/users\/1"}],"replies":[{"embeddable":true,"href":"https:\/\/www.alteacultural.com\/es\/wp-json\/wp\/v2\/comments?post=715"}],"version-history":[{"count":2,"href":"https:\/\/www.alteacultural.com\/es\/wp-json\/wp\/v2\/posts\/715\/revisions"}],"predecessor-version":[{"id":720,"href":"https:\/\/www.alteacultural.com\/es\/wp-json\/wp\/v2\/posts\/715\/revisions\/720"}],"wp:featuredmedia":[{"embeddable":true,"href":"https:\/\/www.alteacultural.com\/es\/wp-json\/wp\/v2\/media\/713"}],"wp:attachment":[{"href":"https:\/\/www.alteacultural.com\/es\/wp-json\/wp\/v2\/media?parent=715"}],"curies":[{"name":"wp","href":"https:\/\/api.w.org\/{rel}","templated":true}]}}