{"id":7837,"date":"2021-06-01T20:10:25","date_gmt":"2021-06-01T18:10:25","guid":{"rendered":"https:\/\/www.alteacultural.com\/2021\/06\/01\/nova-exposicio-al-carrer-amb-el-regreso-de-las-gargolas\/"},"modified":"2021-11-02T17:51:08","modified_gmt":"2021-11-02T16:51:08","slug":"nova-exposicio-al-carrer-amb-el-regreso-de-las-gargolas","status":"publish","type":"post","link":"https:\/\/www.alteacultural.com\/es\/2021\/06\/01\/nova-exposicio-al-carrer-amb-el-regreso-de-las-gargolas\/","title":{"rendered":"Nueva exposici\u00f3n en la calle con &#8216;El Regreso de las G\u00e1rgolas&#8217;"},"content":{"rendered":"\n<p>Exposici\u00f3n de esculturas en calles del casco antiguo de Altea con&#8230; &#8216;El Regreso de las G\u00e1rgolas&#8217;!!! De junio a octubre 2021!<\/p>\n\n\n\n<p><a href=\"https:\/\/www.alteacultural.com\/events\/expo-el-regreso-de-las-gargolas\/?lang=es\">+ info<\/a><\/p>\n","protected":false},"excerpt":{"rendered":"<p>Exposici\u00f3n de esculturas en calles del casco antiguo de Altea con&#8230; &#8216;El Regreso de las G\u00e1rgolas&#8217;!!! De junio a [&hellip;]<\/p>\n","protected":false},"author":1,"featured_media":7832,"comment_status":"open","ping_status":"open","sticky":false,"template":"","format":"standard","meta":{"_expiration-date-status":"saved","_expiration-date":1627754880,"_expiration-date-type":"","_expiration-date-categories":[],"_expiration-date-options":{"expireType":"category-remove","id":7837,"category":["64"],"categoryTaxonomy":"category"},"footnotes":""},"yoast_head":"<!-- This site is optimized with the Yoast SEO plugin v22.8 - https:\/\/yoast.com\/wordpress\/plugins\/seo\/ -->\n<title>Nueva exposici\u00f3n en la calle con &#039;El Regreso de las G\u00e1rgolas&#039; - Altea Cultural<\/title>\n<meta name=\"robots\" content=\"index, follow, max-snippet:-1, max-image-preview:large, max-video-preview:-1\" \/>\n<link rel=\"canonical\" href=\"https:\/\/www.alteacultural.com\/es\/2021\/06\/01\/nova-exposicio-al-carrer-amb-el-regreso-de-las-gargolas\/\" \/>\n<meta property=\"og:locale\" content=\"es_ES\" \/>\n<meta property=\"og:type\" content=\"article\" \/>\n<meta property=\"og:title\" content=\"Nueva exposici\u00f3n en la calle con &#039;El Regreso de las G\u00e1rgolas&#039; - Altea Cultural\" \/>\n<meta property=\"og:description\" content=\"Exposici\u00f3n de esculturas en calles del casco antiguo de Altea con&#8230; &#8216;El Regreso de las G\u00e1rgolas&#8217;!!! De junio a [&hellip;]\" \/>\n<meta property=\"og:url\" content=\"https:\/\/www.alteacultural.com\/es\/2021\/06\/01\/nova-exposicio-al-carrer-amb-el-regreso-de-las-gargolas\/\" \/>\n<meta property=\"og:site_name\" content=\"Altea Cultural\" \/>\n<meta property=\"article:published_time\" content=\"2021-06-01T18:10:25+00:00\" \/>\n<meta property=\"article:modified_time\" content=\"2021-11-02T16:51:08+00:00\" \/>\n<meta property=\"og:image\" content=\"https:\/\/www.alteacultural.com\/wp-content\/uploads\/2021\/06\/2021-10-31-EL-REGRESO-DE-LAS-GARGOLAS-ALTEA-2021.jpeg\" \/>\n\t<meta property=\"og:image:width\" content=\"1137\" \/>\n\t<meta property=\"og:image:height\" content=\"1600\" \/>\n\t<meta property=\"og:image:type\" content=\"image\/jpeg\" \/>\n<meta name=\"author\" content=\"sfaltea.com-admin\" \/>\n<meta name=\"twitter:card\" content=\"summary_large_image\" \/>\n<meta name=\"twitter:label1\" content=\"Escrito por\" \/>\n\t<meta name=\"twitter:data1\" content=\"sfaltea.com-admin\" \/>\n\t<meta name=\"twitter:label2\" content=\"Tiempo de lectura\" \/>\n\t<meta name=\"twitter:data2\" content=\"1 minuto\" \/>\n<script type=\"application\/ld+json\" class=\"yoast-schema-graph\">{\"@context\":\"https:\/\/schema.org\",\"@graph\":[{\"@type\":\"WebPage\",\"@id\":\"https:\/\/www.alteacultural.com\/es\/2021\/06\/01\/nova-exposicio-al-carrer-amb-el-regreso-de-las-gargolas\/\",\"url\":\"https:\/\/www.alteacultural.com\/es\/2021\/06\/01\/nova-exposicio-al-carrer-amb-el-regreso-de-las-gargolas\/\",\"name\":\"Nueva exposici\u00f3n en la calle con 'El Regreso de las G\u00e1rgolas' - Altea Cultural\",\"isPartOf\":{\"@id\":\"https:\/\/www.alteacultural.com\/es\/#website\"},\"primaryImageOfPage\":{\"@id\":\"https:\/\/www.alteacultural.com\/es\/2021\/06\/01\/nova-exposicio-al-carrer-amb-el-regreso-de-las-gargolas\/#primaryimage\"},\"image\":{\"@id\":\"https:\/\/www.alteacultural.com\/es\/2021\/06\/01\/nova-exposicio-al-carrer-amb-el-regreso-de-las-gargolas\/#primaryimage\"},\"thumbnailUrl\":\"https:\/\/www.alteacultural.com\/wp-content\/uploads\/2021\/06\/2021-10-31-EL-REGRESO-DE-LAS-GARGOLAS-ALTEA-2021.jpeg\",\"datePublished\":\"2021-06-01T18:10:25+00:00\",\"dateModified\":\"2021-11-02T16:51:08+00:00\",\"author\":{\"@id\":\"https:\/\/www.alteacultural.com\/es\/#\/schema\/person\/c4e137537f1af546d214a315255e5172\"},\"breadcrumb\":{\"@id\":\"https:\/\/www.alteacultural.com\/es\/2021\/06\/01\/nova-exposicio-al-carrer-amb-el-regreso-de-las-gargolas\/#breadcrumb\"},\"inLanguage\":\"es\",\"potentialAction\":[{\"@type\":\"ReadAction\",\"target\":[\"https:\/\/www.alteacultural.com\/es\/2021\/06\/01\/nova-exposicio-al-carrer-amb-el-regreso-de-las-gargolas\/\"]}]},{\"@type\":\"ImageObject\",\"inLanguage\":\"es\",\"@id\":\"https:\/\/www.alteacultural.com\/es\/2021\/06\/01\/nova-exposicio-al-carrer-amb-el-regreso-de-las-gargolas\/#primaryimage\",\"url\":\"https:\/\/www.alteacultural.com\/wp-content\/uploads\/2021\/06\/2021-10-31-EL-REGRESO-DE-LAS-GARGOLAS-ALTEA-2021.jpeg\",\"contentUrl\":\"https:\/\/www.alteacultural.com\/wp-content\/uploads\/2021\/06\/2021-10-31-EL-REGRESO-DE-LAS-GARGOLAS-ALTEA-2021.jpeg\",\"width\":1137,\"height\":1600},{\"@type\":\"BreadcrumbList\",\"@id\":\"https:\/\/www.alteacultural.com\/es\/2021\/06\/01\/nova-exposicio-al-carrer-amb-el-regreso-de-las-gargolas\/#breadcrumb\",\"itemListElement\":[{\"@type\":\"ListItem\",\"position\":1,\"name\":\"Inici\",\"item\":\"https:\/\/www.alteacultural.com\/es\/\"},{\"@type\":\"ListItem\",\"position\":2,\"name\":\"Nueva exposici\u00f3n en la calle con &#8216;El Regreso de las G\u00e1rgolas&#8217;\"}]},{\"@type\":\"WebSite\",\"@id\":\"https:\/\/www.alteacultural.com\/es\/#website\",\"url\":\"https:\/\/www.alteacultural.com\/es\/\",\"name\":\"Altea Cultural\",\"description\":\"Regidoria de Cultura de l&#039;Ajuntament d&#039;Altea\",\"potentialAction\":[{\"@type\":\"SearchAction\",\"target\":{\"@type\":\"EntryPoint\",\"urlTemplate\":\"https:\/\/www.alteacultural.com\/es\/?s={search_term_string}\"},\"query-input\":\"required name=search_term_string\"}],\"inLanguage\":\"es\"},{\"@type\":\"Person\",\"@id\":\"https:\/\/www.alteacultural.com\/es\/#\/schema\/person\/c4e137537f1af546d214a315255e5172\",\"name\":\"sfaltea.com-admin\",\"image\":{\"@type\":\"ImageObject\",\"inLanguage\":\"es\",\"@id\":\"https:\/\/www.alteacultural.com\/es\/#\/schema\/person\/image\/\",\"url\":\"https:\/\/secure.gravatar.com\/avatar\/f7473fa2fbd351270ccfd469de536202?s=96&d=mm&r=g\",\"contentUrl\":\"https:\/\/secure.gravatar.com\/avatar\/f7473fa2fbd351270ccfd469de536202?s=96&d=mm&r=g\",\"caption\":\"sfaltea.com-admin\"},\"url\":\"https:\/\/www.alteacultural.com\/es\/author\/sfaltea-com-admin\/\"}]}<\/script>\n<!-- \/ Yoast SEO plugin. -->","yoast_head_json":{"title":"Nueva exposici\u00f3n en la calle con 'El Regreso de las G\u00e1rgolas' - Altea Cultural","robots":{"index":"index","follow":"follow","max-snippet":"max-snippet:-1","max-image-preview":"max-image-preview:large","max-video-preview":"max-video-preview:-1"},"canonical":"https:\/\/www.alteacultural.com\/es\/2021\/06\/01\/nova-exposicio-al-carrer-amb-el-regreso-de-las-gargolas\/","og_locale":"es_ES","og_type":"article","og_title":"Nueva exposici\u00f3n en la calle con 'El Regreso de las G\u00e1rgolas' - Altea Cultural","og_description":"Exposici\u00f3n de esculturas en calles del casco antiguo de Altea con&#8230; &#8216;El Regreso de las G\u00e1rgolas&#8217;!!! De junio a [&hellip;]","og_url":"https:\/\/www.alteacultural.com\/es\/2021\/06\/01\/nova-exposicio-al-carrer-amb-el-regreso-de-las-gargolas\/","og_site_name":"Altea Cultural","article_published_time":"2021-06-01T18:10:25+00:00","article_modified_time":"2021-11-02T16:51:08+00:00","og_image":[{"width":1137,"height":1600,"url":"https:\/\/www.alteacultural.com\/wp-content\/uploads\/2021\/06\/2021-10-31-EL-REGRESO-DE-LAS-GARGOLAS-ALTEA-2021.jpeg","type":"image\/jpeg"}],"author":"sfaltea.com-admin","twitter_card":"summary_large_image","twitter_misc":{"Escrito por":"sfaltea.com-admin","Tiempo de lectura":"1 minuto"},"schema":{"@context":"https:\/\/schema.org","@graph":[{"@type":"WebPage","@id":"https:\/\/www.alteacultural.com\/es\/2021\/06\/01\/nova-exposicio-al-carrer-amb-el-regreso-de-las-gargolas\/","url":"https:\/\/www.alteacultural.com\/es\/2021\/06\/01\/nova-exposicio-al-carrer-amb-el-regreso-de-las-gargolas\/","name":"Nueva exposici\u00f3n en la calle con 'El Regreso de las G\u00e1rgolas' - Altea Cultural","isPartOf":{"@id":"https:\/\/www.alteacultural.com\/es\/#website"},"primaryImageOfPage":{"@id":"https:\/\/www.alteacultural.com\/es\/2021\/06\/01\/nova-exposicio-al-carrer-amb-el-regreso-de-las-gargolas\/#primaryimage"},"image":{"@id":"https:\/\/www.alteacultural.com\/es\/2021\/06\/01\/nova-exposicio-al-carrer-amb-el-regreso-de-las-gargolas\/#primaryimage"},"thumbnailUrl":"https:\/\/www.alteacultural.com\/wp-content\/uploads\/2021\/06\/2021-10-31-EL-REGRESO-DE-LAS-GARGOLAS-ALTEA-2021.jpeg","datePublished":"2021-06-01T18:10:25+00:00","dateModified":"2021-11-02T16:51:08+00:00","author":{"@id":"https:\/\/www.alteacultural.com\/es\/#\/schema\/person\/c4e137537f1af546d214a315255e5172"},"breadcrumb":{"@id":"https:\/\/www.alteacultural.com\/es\/2021\/06\/01\/nova-exposicio-al-carrer-amb-el-regreso-de-las-gargolas\/#breadcrumb"},"inLanguage":"es","potentialAction":[{"@type":"ReadAction","target":["https:\/\/www.alteacultural.com\/es\/2021\/06\/01\/nova-exposicio-al-carrer-amb-el-regreso-de-las-gargolas\/"]}]},{"@type":"ImageObject","inLanguage":"es","@id":"https:\/\/www.alteacultural.com\/es\/2021\/06\/01\/nova-exposicio-al-carrer-amb-el-regreso-de-las-gargolas\/#primaryimage","url":"https:\/\/www.alteacultural.com\/wp-content\/uploads\/2021\/06\/2021-10-31-EL-REGRESO-DE-LAS-GARGOLAS-ALTEA-2021.jpeg","contentUrl":"https:\/\/www.alteacultural.com\/wp-content\/uploads\/2021\/06\/2021-10-31-EL-REGRESO-DE-LAS-GARGOLAS-ALTEA-2021.jpeg","width":1137,"height":1600},{"@type":"BreadcrumbList","@id":"https:\/\/www.alteacultural.com\/es\/2021\/06\/01\/nova-exposicio-al-carrer-amb-el-regreso-de-las-gargolas\/#breadcrumb","itemListElement":[{"@type":"ListItem","position":1,"name":"Inici","item":"https:\/\/www.alteacultural.com\/es\/"},{"@type":"ListItem","position":2,"name":"Nueva exposici\u00f3n en la calle con &#8216;El Regreso de las G\u00e1rgolas&#8217;"}]},{"@type":"WebSite","@id":"https:\/\/www.alteacultural.com\/es\/#website","url":"https:\/\/www.alteacultural.com\/es\/","name":"Altea Cultural","description":"Regidoria de Cultura de l&#039;Ajuntament d&#039;Altea","potentialAction":[{"@type":"SearchAction","target":{"@type":"EntryPoint","urlTemplate":"https:\/\/www.alteacultural.com\/es\/?s={search_term_string}"},"query-input":"required name=search_term_string"}],"inLanguage":"es"},{"@type":"Person","@id":"https:\/\/www.alteacultural.com\/es\/#\/schema\/person\/c4e137537f1af546d214a315255e5172","name":"sfaltea.com-admin","image":{"@type":"ImageObject","inLanguage":"es","@id":"https:\/\/www.alteacultural.com\/es\/#\/schema\/person\/image\/","url":"https:\/\/secure.gravatar.com\/avatar\/f7473fa2fbd351270ccfd469de536202?s=96&d=mm&r=g","contentUrl":"https:\/\/secure.gravatar.com\/avatar\/f7473fa2fbd351270ccfd469de536202?s=96&d=mm&r=g","caption":"sfaltea.com-admin"},"url":"https:\/\/www.alteacultural.com\/es\/author\/sfaltea-com-admin\/"}]}},"_links":{"self":[{"href":"https:\/\/www.alteacultural.com\/es\/wp-json\/wp\/v2\/posts\/7837"}],"collection":[{"href":"https:\/\/www.alteacultural.com\/es\/wp-json\/wp\/v2\/posts"}],"about":[{"href":"https:\/\/www.alteacultural.com\/es\/wp-json\/wp\/v2\/types\/post"}],"author":[{"embeddable":true,"href":"https:\/\/www.alteacultural.com\/es\/wp-json\/wp\/v2\/users\/1"}],"replies":[{"embeddable":true,"href":"https:\/\/www.alteacultural.com\/es\/wp-json\/wp\/v2\/comments?post=7837"}],"version-history":[{"count":1,"href":"https:\/\/www.alteacultural.com\/es\/wp-json\/wp\/v2\/posts\/7837\/revisions"}],"predecessor-version":[{"id":7838,"href":"https:\/\/www.alteacultural.com\/es\/wp-json\/wp\/v2\/posts\/7837\/revisions\/7838"}],"wp:featuredmedia":[{"embeddable":true,"href":"https:\/\/www.alteacultural.com\/es\/wp-json\/wp\/v2\/media\/7832"}],"wp:attachment":[{"href":"https:\/\/www.alteacultural.com\/es\/wp-json\/wp\/v2\/media?parent=7837"}],"curies":[{"name":"wp","href":"https:\/\/api.w.org\/{rel}","templated":true}]}}