{"id":784,"date":"2020-09-24T20:57:51","date_gmt":"2020-09-24T18:57:51","guid":{"rendered":"https:\/\/www.alteacultural.com\/2020\/09\/24\/ultimes-entrades-disponibles-concert-de-musica-festera\/"},"modified":"2020-09-26T21:05:48","modified_gmt":"2020-09-26T19:05:48","slug":"ultimes-entrades-disponibles-concert-de-musica-festera","status":"publish","type":"post","link":"https:\/\/www.alteacultural.com\/es\/2020\/09\/24\/ultimes-entrades-disponibles-concert-de-musica-festera\/","title":{"rendered":"\u00daltimas entradas disponibles Concierto de M\u00fasica Festera"},"content":{"rendered":"\n<p>Este jueves 24\/sep a las 21.00 h se sacar\u00e1n a disposici\u00f3n las \u00faltimas entradas disponibles para el <a href=\"https:\/\/www.alteacultural.com\/events\/concert-de-musica-festera\/\">concierto de M\u00fasica Festera del 26\/sep<\/a>.<\/p>\n","protected":false},"excerpt":{"rendered":"<p>Este jueves 24\/sep a las 21.00 h se sacar\u00e1n a disposici\u00f3n las \u00faltimas entradas disponibles para el concierto de [&hellip;]<\/p>\n","protected":false},"author":1,"featured_media":637,"comment_status":"open","ping_status":"open","sticky":false,"template":"","format":"standard","meta":{"_expiration-date-status":"saved","_expiration-date":1601146500,"_expiration-date-type":"","_expiration-date-categories":[],"_expiration-date-options":{"expireType":"category-remove","id":784,"category":["64"],"categoryTaxonomy":"category"},"footnotes":""},"yoast_head":"<!-- This site is optimized with the Yoast SEO plugin v22.8 - https:\/\/yoast.com\/wordpress\/plugins\/seo\/ -->\n<title>\u00daltimas entradas disponibles Concierto de M\u00fasica Festera - Altea Cultural<\/title>\n<meta name=\"robots\" content=\"index, follow, max-snippet:-1, max-image-preview:large, max-video-preview:-1\" \/>\n<link rel=\"canonical\" href=\"https:\/\/www.alteacultural.com\/es\/2020\/09\/24\/ultimes-entrades-disponibles-concert-de-musica-festera\/\" \/>\n<meta property=\"og:locale\" content=\"es_ES\" \/>\n<meta property=\"og:type\" content=\"article\" \/>\n<meta property=\"og:title\" content=\"\u00daltimas entradas disponibles Concierto de M\u00fasica Festera - Altea Cultural\" \/>\n<meta property=\"og:description\" content=\"Este jueves 24\/sep a las 21.00 h se sacar\u00e1n a disposici\u00f3n las \u00faltimas entradas disponibles para el concierto de [&hellip;]\" \/>\n<meta property=\"og:url\" content=\"https:\/\/www.alteacultural.com\/es\/2020\/09\/24\/ultimes-entrades-disponibles-concert-de-musica-festera\/\" \/>\n<meta property=\"og:site_name\" content=\"Altea Cultural\" \/>\n<meta property=\"article:published_time\" content=\"2020-09-24T18:57:51+00:00\" \/>\n<meta property=\"article:modified_time\" content=\"2020-09-26T19:05:48+00:00\" \/>\n<meta property=\"og:image\" content=\"https:\/\/www.alteacultural.com\/wp-content\/uploads\/2020\/08\/Concert-Musica-festera.jpg\" \/>\n\t<meta property=\"og:image:width\" content=\"1240\" \/>\n\t<meta property=\"og:image:height\" content=\"1754\" \/>\n\t<meta property=\"og:image:type\" content=\"image\/jpeg\" \/>\n<meta name=\"author\" content=\"sfaltea.com-admin\" \/>\n<meta name=\"twitter:card\" content=\"summary_large_image\" \/>\n<meta name=\"twitter:label1\" content=\"Escrito por\" \/>\n\t<meta name=\"twitter:data1\" content=\"sfaltea.com-admin\" \/>\n<script type=\"application\/ld+json\" class=\"yoast-schema-graph\">{\"@context\":\"https:\/\/schema.org\",\"@graph\":[{\"@type\":\"WebPage\",\"@id\":\"https:\/\/www.alteacultural.com\/es\/2020\/09\/24\/ultimes-entrades-disponibles-concert-de-musica-festera\/\",\"url\":\"https:\/\/www.alteacultural.com\/es\/2020\/09\/24\/ultimes-entrades-disponibles-concert-de-musica-festera\/\",\"name\":\"\u00daltimas entradas disponibles Concierto de M\u00fasica Festera - Altea Cultural\",\"isPartOf\":{\"@id\":\"https:\/\/www.alteacultural.com\/es\/#website\"},\"primaryImageOfPage\":{\"@id\":\"https:\/\/www.alteacultural.com\/es\/2020\/09\/24\/ultimes-entrades-disponibles-concert-de-musica-festera\/#primaryimage\"},\"image\":{\"@id\":\"https:\/\/www.alteacultural.com\/es\/2020\/09\/24\/ultimes-entrades-disponibles-concert-de-musica-festera\/#primaryimage\"},\"thumbnailUrl\":\"https:\/\/www.alteacultural.com\/wp-content\/uploads\/2020\/08\/Concert-Musica-festera.jpg\",\"datePublished\":\"2020-09-24T18:57:51+00:00\",\"dateModified\":\"2020-09-26T19:05:48+00:00\",\"author\":{\"@id\":\"https:\/\/www.alteacultural.com\/es\/#\/schema\/person\/c4e137537f1af546d214a315255e5172\"},\"breadcrumb\":{\"@id\":\"https:\/\/www.alteacultural.com\/es\/2020\/09\/24\/ultimes-entrades-disponibles-concert-de-musica-festera\/#breadcrumb\"},\"inLanguage\":\"es\",\"potentialAction\":[{\"@type\":\"ReadAction\",\"target\":[\"https:\/\/www.alteacultural.com\/es\/2020\/09\/24\/ultimes-entrades-disponibles-concert-de-musica-festera\/\"]}]},{\"@type\":\"ImageObject\",\"inLanguage\":\"es\",\"@id\":\"https:\/\/www.alteacultural.com\/es\/2020\/09\/24\/ultimes-entrades-disponibles-concert-de-musica-festera\/#primaryimage\",\"url\":\"https:\/\/www.alteacultural.com\/wp-content\/uploads\/2020\/08\/Concert-Musica-festera.jpg\",\"contentUrl\":\"https:\/\/www.alteacultural.com\/wp-content\/uploads\/2020\/08\/Concert-Musica-festera.jpg\",\"width\":1240,\"height\":1754},{\"@type\":\"BreadcrumbList\",\"@id\":\"https:\/\/www.alteacultural.com\/es\/2020\/09\/24\/ultimes-entrades-disponibles-concert-de-musica-festera\/#breadcrumb\",\"itemListElement\":[{\"@type\":\"ListItem\",\"position\":1,\"name\":\"Inici\",\"item\":\"https:\/\/www.alteacultural.com\/es\/\"},{\"@type\":\"ListItem\",\"position\":2,\"name\":\"\u00daltimas entradas disponibles Concierto de M\u00fasica Festera\"}]},{\"@type\":\"WebSite\",\"@id\":\"https:\/\/www.alteacultural.com\/es\/#website\",\"url\":\"https:\/\/www.alteacultural.com\/es\/\",\"name\":\"Altea Cultural\",\"description\":\"Regidoria de Cultura de l&#039;Ajuntament d&#039;Altea\",\"potentialAction\":[{\"@type\":\"SearchAction\",\"target\":{\"@type\":\"EntryPoint\",\"urlTemplate\":\"https:\/\/www.alteacultural.com\/es\/?s={search_term_string}\"},\"query-input\":\"required name=search_term_string\"}],\"inLanguage\":\"es\"},{\"@type\":\"Person\",\"@id\":\"https:\/\/www.alteacultural.com\/es\/#\/schema\/person\/c4e137537f1af546d214a315255e5172\",\"name\":\"sfaltea.com-admin\",\"image\":{\"@type\":\"ImageObject\",\"inLanguage\":\"es\",\"@id\":\"https:\/\/www.alteacultural.com\/es\/#\/schema\/person\/image\/\",\"url\":\"https:\/\/secure.gravatar.com\/avatar\/f7473fa2fbd351270ccfd469de536202?s=96&d=mm&r=g\",\"contentUrl\":\"https:\/\/secure.gravatar.com\/avatar\/f7473fa2fbd351270ccfd469de536202?s=96&d=mm&r=g\",\"caption\":\"sfaltea.com-admin\"},\"url\":\"https:\/\/www.alteacultural.com\/es\/author\/sfaltea-com-admin\/\"}]}<\/script>\n<!-- \/ Yoast SEO plugin. -->","yoast_head_json":{"title":"\u00daltimas entradas disponibles Concierto de M\u00fasica Festera - Altea Cultural","robots":{"index":"index","follow":"follow","max-snippet":"max-snippet:-1","max-image-preview":"max-image-preview:large","max-video-preview":"max-video-preview:-1"},"canonical":"https:\/\/www.alteacultural.com\/es\/2020\/09\/24\/ultimes-entrades-disponibles-concert-de-musica-festera\/","og_locale":"es_ES","og_type":"article","og_title":"\u00daltimas entradas disponibles Concierto de M\u00fasica Festera - Altea Cultural","og_description":"Este jueves 24\/sep a las 21.00 h se sacar\u00e1n a disposici\u00f3n las \u00faltimas entradas disponibles para el concierto de [&hellip;]","og_url":"https:\/\/www.alteacultural.com\/es\/2020\/09\/24\/ultimes-entrades-disponibles-concert-de-musica-festera\/","og_site_name":"Altea Cultural","article_published_time":"2020-09-24T18:57:51+00:00","article_modified_time":"2020-09-26T19:05:48+00:00","og_image":[{"width":1240,"height":1754,"url":"https:\/\/www.alteacultural.com\/wp-content\/uploads\/2020\/08\/Concert-Musica-festera.jpg","type":"image\/jpeg"}],"author":"sfaltea.com-admin","twitter_card":"summary_large_image","twitter_misc":{"Escrito por":"sfaltea.com-admin"},"schema":{"@context":"https:\/\/schema.org","@graph":[{"@type":"WebPage","@id":"https:\/\/www.alteacultural.com\/es\/2020\/09\/24\/ultimes-entrades-disponibles-concert-de-musica-festera\/","url":"https:\/\/www.alteacultural.com\/es\/2020\/09\/24\/ultimes-entrades-disponibles-concert-de-musica-festera\/","name":"\u00daltimas entradas disponibles Concierto de M\u00fasica Festera - Altea Cultural","isPartOf":{"@id":"https:\/\/www.alteacultural.com\/es\/#website"},"primaryImageOfPage":{"@id":"https:\/\/www.alteacultural.com\/es\/2020\/09\/24\/ultimes-entrades-disponibles-concert-de-musica-festera\/#primaryimage"},"image":{"@id":"https:\/\/www.alteacultural.com\/es\/2020\/09\/24\/ultimes-entrades-disponibles-concert-de-musica-festera\/#primaryimage"},"thumbnailUrl":"https:\/\/www.alteacultural.com\/wp-content\/uploads\/2020\/08\/Concert-Musica-festera.jpg","datePublished":"2020-09-24T18:57:51+00:00","dateModified":"2020-09-26T19:05:48+00:00","author":{"@id":"https:\/\/www.alteacultural.com\/es\/#\/schema\/person\/c4e137537f1af546d214a315255e5172"},"breadcrumb":{"@id":"https:\/\/www.alteacultural.com\/es\/2020\/09\/24\/ultimes-entrades-disponibles-concert-de-musica-festera\/#breadcrumb"},"inLanguage":"es","potentialAction":[{"@type":"ReadAction","target":["https:\/\/www.alteacultural.com\/es\/2020\/09\/24\/ultimes-entrades-disponibles-concert-de-musica-festera\/"]}]},{"@type":"ImageObject","inLanguage":"es","@id":"https:\/\/www.alteacultural.com\/es\/2020\/09\/24\/ultimes-entrades-disponibles-concert-de-musica-festera\/#primaryimage","url":"https:\/\/www.alteacultural.com\/wp-content\/uploads\/2020\/08\/Concert-Musica-festera.jpg","contentUrl":"https:\/\/www.alteacultural.com\/wp-content\/uploads\/2020\/08\/Concert-Musica-festera.jpg","width":1240,"height":1754},{"@type":"BreadcrumbList","@id":"https:\/\/www.alteacultural.com\/es\/2020\/09\/24\/ultimes-entrades-disponibles-concert-de-musica-festera\/#breadcrumb","itemListElement":[{"@type":"ListItem","position":1,"name":"Inici","item":"https:\/\/www.alteacultural.com\/es\/"},{"@type":"ListItem","position":2,"name":"\u00daltimas entradas disponibles Concierto de M\u00fasica Festera"}]},{"@type":"WebSite","@id":"https:\/\/www.alteacultural.com\/es\/#website","url":"https:\/\/www.alteacultural.com\/es\/","name":"Altea Cultural","description":"Regidoria de Cultura de l&#039;Ajuntament d&#039;Altea","potentialAction":[{"@type":"SearchAction","target":{"@type":"EntryPoint","urlTemplate":"https:\/\/www.alteacultural.com\/es\/?s={search_term_string}"},"query-input":"required name=search_term_string"}],"inLanguage":"es"},{"@type":"Person","@id":"https:\/\/www.alteacultural.com\/es\/#\/schema\/person\/c4e137537f1af546d214a315255e5172","name":"sfaltea.com-admin","image":{"@type":"ImageObject","inLanguage":"es","@id":"https:\/\/www.alteacultural.com\/es\/#\/schema\/person\/image\/","url":"https:\/\/secure.gravatar.com\/avatar\/f7473fa2fbd351270ccfd469de536202?s=96&d=mm&r=g","contentUrl":"https:\/\/secure.gravatar.com\/avatar\/f7473fa2fbd351270ccfd469de536202?s=96&d=mm&r=g","caption":"sfaltea.com-admin"},"url":"https:\/\/www.alteacultural.com\/es\/author\/sfaltea-com-admin\/"}]}},"_links":{"self":[{"href":"https:\/\/www.alteacultural.com\/es\/wp-json\/wp\/v2\/posts\/784"}],"collection":[{"href":"https:\/\/www.alteacultural.com\/es\/wp-json\/wp\/v2\/posts"}],"about":[{"href":"https:\/\/www.alteacultural.com\/es\/wp-json\/wp\/v2\/types\/post"}],"author":[{"embeddable":true,"href":"https:\/\/www.alteacultural.com\/es\/wp-json\/wp\/v2\/users\/1"}],"replies":[{"embeddable":true,"href":"https:\/\/www.alteacultural.com\/es\/wp-json\/wp\/v2\/comments?post=784"}],"version-history":[{"count":2,"href":"https:\/\/www.alteacultural.com\/es\/wp-json\/wp\/v2\/posts\/784\/revisions"}],"predecessor-version":[{"id":787,"href":"https:\/\/www.alteacultural.com\/es\/wp-json\/wp\/v2\/posts\/784\/revisions\/787"}],"wp:featuredmedia":[{"embeddable":true,"href":"https:\/\/www.alteacultural.com\/es\/wp-json\/wp\/v2\/media\/637"}],"wp:attachment":[{"href":"https:\/\/www.alteacultural.com\/es\/wp-json\/wp\/v2\/media?parent=784"}],"curies":[{"name":"wp","href":"https:\/\/api.w.org\/{rel}","templated":true}]}}