{"id":8305,"date":"2021-06-12T09:44:39","date_gmt":"2021-06-12T07:44:39","guid":{"rendered":"https:\/\/www.alteacultural.com\/2021\/06\/12\/els-premis-altea-ja-tenen-finalistes-en-ledicio-del-centenari-de-carmelina-sanchez-cutillas\/"},"modified":"2021-06-21T10:12:43","modified_gmt":"2021-06-21T08:12:43","slug":"els-premis-altea-ja-tenen-finalistes-en-ledicio-del-centenari-de-carmelina-sanchez-cutillas","status":"publish","type":"post","link":"https:\/\/www.alteacultural.com\/es\/2021\/06\/12\/els-premis-altea-ja-tenen-finalistes-en-ledicio-del-centenari-de-carmelina-sanchez-cutillas\/","title":{"rendered":"Els Premis Altea ja tenen finalistes en l\u2019edici\u00f3 del centenari de Carmelina S\u00e1nchez-Cutillas"},"content":{"rendered":"\n<p><strong>R\u00c8CORD DE PARTICIPACI\u00d3<\/strong><br>Els diferents jurats de les tres modalitats objecte de concurs en els V Premis Altea de Literatura i Investigaci\u00f3 han tingut l\u2019oportunitat d\u2019estudiar, analitzar i valorar el total de 161 originals participants en l\u2019edici\u00f3 d\u2019enguany, que s\u2019ha demostrat com la de major concurr\u00e8ncia de totes les convocades fins ara, amb 91 obres presentades al Premi Carmelina S\u00e1nchez-Cutillas de Novel\u00b7la i Prosa Creativa; 59, al Premi Altea de Literatura Infantil i Juvenil; i 11, al Premi d\u2019Assaig i Investigaci\u00f3 Francesc Mart\u00ednez i Mart\u00ednez.<\/p>\n\n\n\n<p><strong>OBRES FINALISTES<\/strong><br>La resoluci\u00f3 dels premis tindr\u00e0 lloc el pr\u00f2xim dissabte 19 de juny en una gala a l\u2019aire lliure, a l\u2019Auditori de la Pla\u00e7a de l\u2019Aigua d\u2019Altea, a les 20:00 h. Per aix\u00f2, els diferents jurats dels Premis Altea han comunicat ja a l\u2019organitzaci\u00f3 la selecci\u00f3 de les obres que s\u2019han situat com a finalistes en aquesta cinquena edici\u00f3 dels Premis Altea de Literatura i Investigaci\u00f3.<\/p>\n\n\n\n<p>En el cas del Premi Francesc Mart\u00ednez i Mart\u00ednez d\u2019Assaig i Investigaci\u00f3 (dotat amb 3.000 \u20ac), Josep Martines Peres (Acad\u00e8mia Valenciana de la Llengua), Cristina Llorens Estarelles (Institut Alacant\u00ed de Cultura Juan Gil-Albert) i Antoni Belda Antol\u00ed (guanyador de l\u2019anterior edici\u00f3) han seleccionat com a obres finalistes: a) una an\u00e0lisi profunda de la composici\u00f3 Coral romput del poeta valenci\u00e0 Vicent Andr\u00e9s Estell\u00e9s; b) una obra que reivindica el paper que tingueren les dones en la configuraci\u00f3 del patrimoni gastron\u00f2mic de la Marina,&nbsp;a trav\u00e9s de la investigaci\u00f3 que sobre la cuina i la gastronomia va fer el<br>folklorista Francisco G. Seijo Alonso (1925-2013); i c) un treball exhaustiu i ben documentat que versa sobre les peces d\u2019art fetes amb plata i que han estat custodiades als temples parroquials d\u2019Altea i de la resta de municipis de la comarca de la Marina Baixa.<\/p>\n\n\n\n<p>El Jurat del Premi Altea de Literatura Infantil i Juvenil (amb 4.000 \u20ac de dotaci\u00f3) \u00e9s integrat en aquesta cinquena edici\u00f3 per Mari \u00c0ngels Franc\u00e9s D\u00edez (Universitat d\u2019Alacant), Immaculada Cerd\u00e0 Sanchis (Acad\u00e8mia Valenciana de la Llengua) i Josep Escarr\u00e9 i Reig (autor guanyador de l\u2019edici\u00f3 de 2020). Ha seleccionat com a obres finalistes: a) una hist\u00f2ria d\u2019espies ambientada entre les acaballes de la Guerra Civil Espanyola i la Segona Guerra Mundial, que s\u2019inicia a Val\u00e8ncia per\u00f2 transcorre quasi \u00edntegrament al Regne Unit; b) una hist\u00f2ria de terror, ambientada en un bosc misteri\u00f3s, amb personatges complexos que evolucionen al llarg de la trama i es fan estimar; i c) una hist\u00f2ria que transcorre a l&#8217;ombra del Penyagolosa i recorre, amb les tropes carlines, la<br>zona del Maestrat als anys setanta del segle XIX.<\/p>\n\n\n\n<p>Per la seua part, el Jurat del Premi Carmelina S\u00e1nchez-Cutillas de Novel\u00b7la i Prosa Creativa, dotat amb 5.000 \u20ac per la Fundaci\u00f3 Caixaltea, \u00e9s integrat per Joaquim Espin\u00f3s Felipe (Universitat d\u2019Alacant), Maribel Guardiola Savall (Acad\u00e8mia Valenciana de la Llengua) i Ferran Garcia-Oliver Garcia (autor guanyador de l\u2019anterior edici\u00f3 del Premi). Haur\u00e0 d\u2019elegir l\u2019obra guanyadora entre: a) un recull de contes que sota el vel de l\u2019humor amaga la mis\u00e8ria de la conducta humana; b) una novel\u00b7la intimista de protagonisme femen\u00ed sobre les segones oportunitats; i c) una novel\u00b7la que explora la falsedat i l\u2019engany fins i tot entre els amics.<\/p>\n\n\n\n<p><strong>CENTENARI DE CARMELINA S\u00c1NCHEZ-CUTILLAS<\/strong><br>Una doble carambola de l\u2019atzar ha volgut fer que la gala dels V Premis Altea de Literatura i Investigaci\u00f3 coincidisca amb la commemoraci\u00f3 del centenari de Carmelina S\u00e1nchez-Cutillas: la investigadora i escriptora d\u2019Altea que dona nom al premi estrella d\u2019aquests Premis: el Premi Carmelina S\u00e1nchez-Cutillas de Novel\u00b7la i Prosa Creativa, finan\u00e7at per la Fundaci\u00f3 Caixaltea. De fet, per un costat l\u2019evoluci\u00f3 de la pand\u00e8mia ha estat la causa que la gala dels Premis se celebre enguany extraordin\u00e0riament al mes de juny, at\u00e9s que normalment el sopar de lliurament dels Premis Altea, com se sap, \u00e9s sempre la vespra del Diumenge de Rams. Per\u00f2 \u00e9s que, de m\u00e9s a m\u00e9s, la celebraci\u00f3 del centenari de l\u2019autora ha estat, molt curiosament, un fet del tot inesperat at\u00e9s que fins enguany s\u2019acceptava com a any de naixement per a l\u2019autora el 1927 (de fet, \u00e9s aquesta la data que continua figurant en les enciclop\u00e8dies no digitals). Tanmateix, fa poc m\u00e9s d\u2019un parell de mesos es va fer p\u00fablica la veritable data de naixement de l\u2019autora: el 23 de juny de 1921. D\u2019aquesta manera, amb aquesta doble coincid\u00e8ncia \u2014l\u2019ajornament de la gala dels Premis per ra\u00f3 de la pand\u00e8mia i el descobriment de la veritable data de naixement de Carmelina\u2014, la gala de la cinquena edici\u00f3 del Premis Altea de Literatura i Investigaci\u00f3 s\u2019erigiran com el preludi de la commemoraci\u00f3 del centenari de la gran escriptora valenciana del segle XX, que oficialment tindr\u00e0 lloc el pr\u00f2xim 23 de juny de 2021 al Centre Cultural Vil\u00b7la Gadea, seu del futur Centre d\u2019Interpretaci\u00f3 Carmelina S\u00e1nchez-Cutillas.<\/p>\n\n\n\n<p><strong>VANESSA GREGORI I L\u2019ORQUESTRA BLAVA<\/strong><br>La gala dels V Premis Altea de Literatura i Investigaci\u00f3 ser\u00e0 condu\u00efda per la periodista d\u2019\u00c0Punt Vanessa Gregori, que \u00e9s precisament origin\u00e0ria d\u2019Altea. On no hi haur\u00e0 cap novetat, en canvi, \u00e9s en el grup musical que amenitzar\u00e0 l\u2019espectacle: com cada any, des de la primera edici\u00f3 dels Premis Altea, un dels punts de distinci\u00f3 de l\u2019acte ser\u00e0 la banda sonora de l\u2019esdeveniment, interpretada en directe pels m\u00fasics de l\u2019Orquestra Blava: una formaci\u00f3 a cavall entre les antigues orquestres de jazz i les big bands actuals, que beu d\u2019una tradici\u00f3 musical aut\u00f2ctona que s\u2019origina en el repertori i les partitures sortosament conservades de la m\u00edtica Orquesta Azul: una agrupaci\u00f3 alteana que amenitzava festes, balls i revetles durant els anys cinquanta dels segle passat.<\/p>\n\n\n\n<p><strong>BATISTE SAN ROC<\/strong><br>L\u2019\u00fanic dels premis que no ofereix cap possibilitat de sorpresa, intriga o incertesa \u00e9s el Premi Estela d\u2019Honor, en reconeixement a la mem\u00f2ria d\u2019una personalitat rellevant en l\u2019\u00e0mbit de la literatura, l\u2019art o el coneixement. En l\u2019edici\u00f3 d\u2019enguany es vol homenatjar, amb la concessi\u00f3 d\u2019aquest premi, la mem\u00f2ria i el llegat creatiu del pintor Batiste San Roc (Altea, 1937 \u2013 Altea, 2016). En aquest sentit, segons l\u2019organitzaci\u00f3, la inconfusible personalitat de les pintures de Batiste Sant Roc \u2014\u00abel van Gogh d\u2019Altea\u00bb, en paraules de Rafael Alberti\u2014 ser\u00e0 un dels fils conductors en l\u2019est\u00e8tica de la gala.<\/p>\n","protected":false},"excerpt":{"rendered":"<p>R\u00c8CORD DE PARTICIPACI\u00d3Els diferents jurats de les tres modalitats objecte de concurs en els V Premis Altea de Literatura [&hellip;]<\/p>\n","protected":false},"author":1,"featured_media":8302,"comment_status":"open","ping_status":"open","sticky":false,"template":"","format":"standard","meta":{"_expiration-date-status":"saved","_expiration-date":0,"_expiration-date-type":"","_expiration-date-categories":[],"_expiration-date-options":[],"footnotes":""},"yoast_head":"<!-- This site is optimized with the Yoast SEO plugin v22.8 - https:\/\/yoast.com\/wordpress\/plugins\/seo\/ -->\n<title>Els Premis Altea ja tenen finalistes en l\u2019edici\u00f3 del centenari de Carmelina S\u00e1nchez-Cutillas - Altea Cultural<\/title>\n<meta name=\"robots\" content=\"index, follow, max-snippet:-1, max-image-preview:large, max-video-preview:-1\" \/>\n<link rel=\"canonical\" href=\"https:\/\/www.alteacultural.com\/es\/2021\/06\/12\/els-premis-altea-ja-tenen-finalistes-en-ledicio-del-centenari-de-carmelina-sanchez-cutillas\/\" \/>\n<meta property=\"og:locale\" content=\"es_ES\" \/>\n<meta property=\"og:type\" content=\"article\" \/>\n<meta property=\"og:title\" content=\"Els Premis Altea ja tenen finalistes en l\u2019edici\u00f3 del centenari de Carmelina S\u00e1nchez-Cutillas - Altea Cultural\" \/>\n<meta property=\"og:description\" content=\"R\u00c8CORD DE PARTICIPACI\u00d3Els diferents jurats de les tres modalitats objecte de concurs en els V Premis Altea de Literatura [&hellip;]\" \/>\n<meta property=\"og:url\" content=\"https:\/\/www.alteacultural.com\/es\/2021\/06\/12\/els-premis-altea-ja-tenen-finalistes-en-ledicio-del-centenari-de-carmelina-sanchez-cutillas\/\" \/>\n<meta property=\"og:site_name\" content=\"Altea Cultural\" \/>\n<meta property=\"article:published_time\" content=\"2021-06-12T07:44:39+00:00\" \/>\n<meta property=\"article:modified_time\" content=\"2021-06-21T08:12:43+00:00\" \/>\n<meta property=\"og:image\" content=\"https:\/\/www.alteacultural.com\/wp-content\/uploads\/2021\/06\/FINALISTESPREMIS.jpg\" \/>\n\t<meta property=\"og:image:width\" content=\"500\" \/>\n\t<meta property=\"og:image:height\" content=\"250\" \/>\n\t<meta property=\"og:image:type\" content=\"image\/jpeg\" \/>\n<meta name=\"author\" content=\"sfaltea.com-admin\" \/>\n<meta name=\"twitter:card\" content=\"summary_large_image\" \/>\n<meta name=\"twitter:label1\" content=\"Escrito por\" \/>\n\t<meta name=\"twitter:data1\" content=\"sfaltea.com-admin\" \/>\n\t<meta name=\"twitter:label2\" content=\"Tiempo de lectura\" \/>\n\t<meta name=\"twitter:data2\" content=\"5 minutos\" \/>\n<script type=\"application\/ld+json\" class=\"yoast-schema-graph\">{\"@context\":\"https:\/\/schema.org\",\"@graph\":[{\"@type\":\"WebPage\",\"@id\":\"https:\/\/www.alteacultural.com\/es\/2021\/06\/12\/els-premis-altea-ja-tenen-finalistes-en-ledicio-del-centenari-de-carmelina-sanchez-cutillas\/\",\"url\":\"https:\/\/www.alteacultural.com\/es\/2021\/06\/12\/els-premis-altea-ja-tenen-finalistes-en-ledicio-del-centenari-de-carmelina-sanchez-cutillas\/\",\"name\":\"Els Premis Altea ja tenen finalistes en l\u2019edici\u00f3 del centenari de Carmelina S\u00e1nchez-Cutillas - Altea Cultural\",\"isPartOf\":{\"@id\":\"https:\/\/www.alteacultural.com\/es\/#website\"},\"primaryImageOfPage\":{\"@id\":\"https:\/\/www.alteacultural.com\/es\/2021\/06\/12\/els-premis-altea-ja-tenen-finalistes-en-ledicio-del-centenari-de-carmelina-sanchez-cutillas\/#primaryimage\"},\"image\":{\"@id\":\"https:\/\/www.alteacultural.com\/es\/2021\/06\/12\/els-premis-altea-ja-tenen-finalistes-en-ledicio-del-centenari-de-carmelina-sanchez-cutillas\/#primaryimage\"},\"thumbnailUrl\":\"https:\/\/www.alteacultural.com\/wp-content\/uploads\/2021\/06\/FINALISTESPREMIS.jpg\",\"datePublished\":\"2021-06-12T07:44:39+00:00\",\"dateModified\":\"2021-06-21T08:12:43+00:00\",\"author\":{\"@id\":\"https:\/\/www.alteacultural.com\/es\/#\/schema\/person\/c4e137537f1af546d214a315255e5172\"},\"breadcrumb\":{\"@id\":\"https:\/\/www.alteacultural.com\/es\/2021\/06\/12\/els-premis-altea-ja-tenen-finalistes-en-ledicio-del-centenari-de-carmelina-sanchez-cutillas\/#breadcrumb\"},\"inLanguage\":\"es\",\"potentialAction\":[{\"@type\":\"ReadAction\",\"target\":[\"https:\/\/www.alteacultural.com\/es\/2021\/06\/12\/els-premis-altea-ja-tenen-finalistes-en-ledicio-del-centenari-de-carmelina-sanchez-cutillas\/\"]}]},{\"@type\":\"ImageObject\",\"inLanguage\":\"es\",\"@id\":\"https:\/\/www.alteacultural.com\/es\/2021\/06\/12\/els-premis-altea-ja-tenen-finalistes-en-ledicio-del-centenari-de-carmelina-sanchez-cutillas\/#primaryimage\",\"url\":\"https:\/\/www.alteacultural.com\/wp-content\/uploads\/2021\/06\/FINALISTESPREMIS.jpg\",\"contentUrl\":\"https:\/\/www.alteacultural.com\/wp-content\/uploads\/2021\/06\/FINALISTESPREMIS.jpg\",\"width\":500,\"height\":250},{\"@type\":\"BreadcrumbList\",\"@id\":\"https:\/\/www.alteacultural.com\/es\/2021\/06\/12\/els-premis-altea-ja-tenen-finalistes-en-ledicio-del-centenari-de-carmelina-sanchez-cutillas\/#breadcrumb\",\"itemListElement\":[{\"@type\":\"ListItem\",\"position\":1,\"name\":\"Inici\",\"item\":\"https:\/\/www.alteacultural.com\/es\/\"},{\"@type\":\"ListItem\",\"position\":2,\"name\":\"Els Premis Altea ja tenen finalistes en l\u2019edici\u00f3 del centenari de Carmelina S\u00e1nchez-Cutillas\"}]},{\"@type\":\"WebSite\",\"@id\":\"https:\/\/www.alteacultural.com\/es\/#website\",\"url\":\"https:\/\/www.alteacultural.com\/es\/\",\"name\":\"Altea Cultural\",\"description\":\"Regidoria de Cultura de l&#039;Ajuntament d&#039;Altea\",\"potentialAction\":[{\"@type\":\"SearchAction\",\"target\":{\"@type\":\"EntryPoint\",\"urlTemplate\":\"https:\/\/www.alteacultural.com\/es\/?s={search_term_string}\"},\"query-input\":\"required name=search_term_string\"}],\"inLanguage\":\"es\"},{\"@type\":\"Person\",\"@id\":\"https:\/\/www.alteacultural.com\/es\/#\/schema\/person\/c4e137537f1af546d214a315255e5172\",\"name\":\"sfaltea.com-admin\",\"image\":{\"@type\":\"ImageObject\",\"inLanguage\":\"es\",\"@id\":\"https:\/\/www.alteacultural.com\/es\/#\/schema\/person\/image\/\",\"url\":\"https:\/\/secure.gravatar.com\/avatar\/f7473fa2fbd351270ccfd469de536202?s=96&d=mm&r=g\",\"contentUrl\":\"https:\/\/secure.gravatar.com\/avatar\/f7473fa2fbd351270ccfd469de536202?s=96&d=mm&r=g\",\"caption\":\"sfaltea.com-admin\"},\"url\":\"https:\/\/www.alteacultural.com\/es\/author\/sfaltea-com-admin\/\"}]}<\/script>\n<!-- \/ Yoast SEO plugin. -->","yoast_head_json":{"title":"Els Premis Altea ja tenen finalistes en l\u2019edici\u00f3 del centenari de Carmelina S\u00e1nchez-Cutillas - Altea Cultural","robots":{"index":"index","follow":"follow","max-snippet":"max-snippet:-1","max-image-preview":"max-image-preview:large","max-video-preview":"max-video-preview:-1"},"canonical":"https:\/\/www.alteacultural.com\/es\/2021\/06\/12\/els-premis-altea-ja-tenen-finalistes-en-ledicio-del-centenari-de-carmelina-sanchez-cutillas\/","og_locale":"es_ES","og_type":"article","og_title":"Els Premis Altea ja tenen finalistes en l\u2019edici\u00f3 del centenari de Carmelina S\u00e1nchez-Cutillas - Altea Cultural","og_description":"R\u00c8CORD DE PARTICIPACI\u00d3Els diferents jurats de les tres modalitats objecte de concurs en els V Premis Altea de Literatura [&hellip;]","og_url":"https:\/\/www.alteacultural.com\/es\/2021\/06\/12\/els-premis-altea-ja-tenen-finalistes-en-ledicio-del-centenari-de-carmelina-sanchez-cutillas\/","og_site_name":"Altea Cultural","article_published_time":"2021-06-12T07:44:39+00:00","article_modified_time":"2021-06-21T08:12:43+00:00","og_image":[{"width":500,"height":250,"url":"https:\/\/www.alteacultural.com\/wp-content\/uploads\/2021\/06\/FINALISTESPREMIS.jpg","type":"image\/jpeg"}],"author":"sfaltea.com-admin","twitter_card":"summary_large_image","twitter_misc":{"Escrito por":"sfaltea.com-admin","Tiempo de lectura":"5 minutos"},"schema":{"@context":"https:\/\/schema.org","@graph":[{"@type":"WebPage","@id":"https:\/\/www.alteacultural.com\/es\/2021\/06\/12\/els-premis-altea-ja-tenen-finalistes-en-ledicio-del-centenari-de-carmelina-sanchez-cutillas\/","url":"https:\/\/www.alteacultural.com\/es\/2021\/06\/12\/els-premis-altea-ja-tenen-finalistes-en-ledicio-del-centenari-de-carmelina-sanchez-cutillas\/","name":"Els Premis Altea ja tenen finalistes en l\u2019edici\u00f3 del centenari de Carmelina S\u00e1nchez-Cutillas - Altea Cultural","isPartOf":{"@id":"https:\/\/www.alteacultural.com\/es\/#website"},"primaryImageOfPage":{"@id":"https:\/\/www.alteacultural.com\/es\/2021\/06\/12\/els-premis-altea-ja-tenen-finalistes-en-ledicio-del-centenari-de-carmelina-sanchez-cutillas\/#primaryimage"},"image":{"@id":"https:\/\/www.alteacultural.com\/es\/2021\/06\/12\/els-premis-altea-ja-tenen-finalistes-en-ledicio-del-centenari-de-carmelina-sanchez-cutillas\/#primaryimage"},"thumbnailUrl":"https:\/\/www.alteacultural.com\/wp-content\/uploads\/2021\/06\/FINALISTESPREMIS.jpg","datePublished":"2021-06-12T07:44:39+00:00","dateModified":"2021-06-21T08:12:43+00:00","author":{"@id":"https:\/\/www.alteacultural.com\/es\/#\/schema\/person\/c4e137537f1af546d214a315255e5172"},"breadcrumb":{"@id":"https:\/\/www.alteacultural.com\/es\/2021\/06\/12\/els-premis-altea-ja-tenen-finalistes-en-ledicio-del-centenari-de-carmelina-sanchez-cutillas\/#breadcrumb"},"inLanguage":"es","potentialAction":[{"@type":"ReadAction","target":["https:\/\/www.alteacultural.com\/es\/2021\/06\/12\/els-premis-altea-ja-tenen-finalistes-en-ledicio-del-centenari-de-carmelina-sanchez-cutillas\/"]}]},{"@type":"ImageObject","inLanguage":"es","@id":"https:\/\/www.alteacultural.com\/es\/2021\/06\/12\/els-premis-altea-ja-tenen-finalistes-en-ledicio-del-centenari-de-carmelina-sanchez-cutillas\/#primaryimage","url":"https:\/\/www.alteacultural.com\/wp-content\/uploads\/2021\/06\/FINALISTESPREMIS.jpg","contentUrl":"https:\/\/www.alteacultural.com\/wp-content\/uploads\/2021\/06\/FINALISTESPREMIS.jpg","width":500,"height":250},{"@type":"BreadcrumbList","@id":"https:\/\/www.alteacultural.com\/es\/2021\/06\/12\/els-premis-altea-ja-tenen-finalistes-en-ledicio-del-centenari-de-carmelina-sanchez-cutillas\/#breadcrumb","itemListElement":[{"@type":"ListItem","position":1,"name":"Inici","item":"https:\/\/www.alteacultural.com\/es\/"},{"@type":"ListItem","position":2,"name":"Els Premis Altea ja tenen finalistes en l\u2019edici\u00f3 del centenari de Carmelina S\u00e1nchez-Cutillas"}]},{"@type":"WebSite","@id":"https:\/\/www.alteacultural.com\/es\/#website","url":"https:\/\/www.alteacultural.com\/es\/","name":"Altea Cultural","description":"Regidoria de Cultura de l&#039;Ajuntament d&#039;Altea","potentialAction":[{"@type":"SearchAction","target":{"@type":"EntryPoint","urlTemplate":"https:\/\/www.alteacultural.com\/es\/?s={search_term_string}"},"query-input":"required name=search_term_string"}],"inLanguage":"es"},{"@type":"Person","@id":"https:\/\/www.alteacultural.com\/es\/#\/schema\/person\/c4e137537f1af546d214a315255e5172","name":"sfaltea.com-admin","image":{"@type":"ImageObject","inLanguage":"es","@id":"https:\/\/www.alteacultural.com\/es\/#\/schema\/person\/image\/","url":"https:\/\/secure.gravatar.com\/avatar\/f7473fa2fbd351270ccfd469de536202?s=96&d=mm&r=g","contentUrl":"https:\/\/secure.gravatar.com\/avatar\/f7473fa2fbd351270ccfd469de536202?s=96&d=mm&r=g","caption":"sfaltea.com-admin"},"url":"https:\/\/www.alteacultural.com\/es\/author\/sfaltea-com-admin\/"}]}},"_links":{"self":[{"href":"https:\/\/www.alteacultural.com\/es\/wp-json\/wp\/v2\/posts\/8305"}],"collection":[{"href":"https:\/\/www.alteacultural.com\/es\/wp-json\/wp\/v2\/posts"}],"about":[{"href":"https:\/\/www.alteacultural.com\/es\/wp-json\/wp\/v2\/types\/post"}],"author":[{"embeddable":true,"href":"https:\/\/www.alteacultural.com\/es\/wp-json\/wp\/v2\/users\/1"}],"replies":[{"embeddable":true,"href":"https:\/\/www.alteacultural.com\/es\/wp-json\/wp\/v2\/comments?post=8305"}],"version-history":[{"count":1,"href":"https:\/\/www.alteacultural.com\/es\/wp-json\/wp\/v2\/posts\/8305\/revisions"}],"predecessor-version":[{"id":8306,"href":"https:\/\/www.alteacultural.com\/es\/wp-json\/wp\/v2\/posts\/8305\/revisions\/8306"}],"wp:featuredmedia":[{"embeddable":true,"href":"https:\/\/www.alteacultural.com\/es\/wp-json\/wp\/v2\/media\/8302"}],"wp:attachment":[{"href":"https:\/\/www.alteacultural.com\/es\/wp-json\/wp\/v2\/media?parent=8305"}],"curies":[{"name":"wp","href":"https:\/\/api.w.org\/{rel}","templated":true}]}}