{"id":8314,"date":"2021-06-21T13:53:31","date_gmt":"2021-06-21T11:53:31","guid":{"rendered":"https:\/\/www.alteacultural.com\/2021\/06\/21\/altea-entrega-sus-premios-de-literatura-i-investigacio-2021-en-un-acto-acompanado-por-la-lluvia\/"},"modified":"2021-06-30T10:09:03","modified_gmt":"2021-06-30T08:09:03","slug":"lliurats-els-guardons-de-la-5a-edicio-de-premis-altea","status":"publish","type":"post","link":"https:\/\/www.alteacultural.com\/es\/2021\/06\/21\/lliurats-els-guardons-de-la-5a-edicio-de-premis-altea\/","title":{"rendered":"Entregados los galardones de la 5\u00aa edici\u00f3n de Premis Altea"},"content":{"rendered":"\n<p><strong>\u201cAire\u201d de Elvira Cambrils, \u201c<\/strong><strong>El bosc de les ombres\u201d de<\/strong>&nbsp;<strong>Ignasi Garcia Barba y \u201cEl poema&nbsp;<\/strong><strong>Coral romput: Estell\u00e9s i Ovidi, el text i la paraula<\/strong><strong>\u201d&nbsp;<\/strong><strong>de Jordi<\/strong><strong>&nbsp;Bosch Canalias se alzan con los premios.<\/strong><\/p>\n\n\n\n<p>En el transcurso de una gala al aire libre y pasada por agua, pero igual de emotiva que en anteriores ediciones, ten\u00eda lugar el pasado s\u00e1bado 19 de junio la entrega de los Premis Altea de Literatura i Investigaci\u00f3. En su 5\u00aa edici\u00f3n, el Premi Carmelina S\u00e1nchez-Cutillas de Novel\u00b7la i Prosa Creativa ha reca\u00eddo en la obra \u201cAire\u201d de Elvira Cambrils; el Premi Altea de Literatura Infantil i Juvenil ha sido para &nbsp;\u201cEl bosc de les ombres\u201d de Ignasi Garcia Barba y el Premi Francesc Mart\u00ednez i Mart\u00ednez d\u2019Assaig i Investigaci\u00f3 lo ha conseguido Jordi Bosch Canalias con \u201cEl poema Coral romput: Estell\u00e9s i Ovidi, el text i la paraula\u201d.<\/p>\n\n\n\n<p>Delante de la imposibilidad de celebrar la habitual gala en Palau Altea Centre d\u2019Arts la v\u00edspera del Domingo de Ramos por la situaci\u00f3n sanitaria generada por la pandemia del COVID-19, el veredicto del jurado se daba a conocer en una gala al aire libre conducida por la periodista alteana Vanesa Gregori y amenizada por la Orquestra Blava. Anunciaban los ganadores Joan Borja, director de la C\u00e0tedra Enric Valor de la Universitat d\u2019Alacant; Aurora Serrat, concejala de Cultura; Miquel Gonz\u00e1lez, director del Departamento de Arte y Comunicaci\u00f3n Visual del Institut Alacant\u00ed de Cultura Juan Gil-Albert; Imma Orozco, secretaria auton\u00f3mica de Pol\u00edtica Territorial, Urbanismo i Paisaje; Jos\u00e9 Miguel Cort\u00e9s, presidente de la Fundaci\u00f3n Caixaltea y Jaume Llinares, alcalde de Altea.<\/p>\n\n\n\n<p>Hay que recordar que en esta quinta edici\u00f3n de Premis Altea de Literatura i Investigaci\u00f3 se ha producido un r\u00e9cord de participaci\u00f3n con un total de 161 originales presentados.<\/p>\n\n\n\n<p>Adem\u00e1s, en la gala de este a\u00f1o el premio Estela d\u2019Honor ha servido para rendir homenaje al pintor alteano Batiste San Rok. Del que se proyect\u00f3 un video con im\u00e1genes de obra suya, aportadas por los propietarios de las mismas.<\/p>\n\n\n\n<p>Aunque la lluvia obligaba a reducir el tiempo de las intervenciones, los premiados tomaban la palabra tras recibir sus trofeos, \u201cLa m\u00e0 del sol\u201d de Pepe Azor\u00edn, que representa el Premi Carmelina S\u00e1nchez-Cutillas de Novel.la i Prosa Creativa; el \u201cTrofeo Aila\u201d del \u00c1rea de Escultura de la Facultad de Bellas Artes de altea, para el Premi Altea de Literatura Infantil i Juvenil y el \u201cTrofeo Penell\u201d de Seraf\u00edn Cortes para el Premi Francesc Mart\u00ednez i Mart\u00ednez d\u2019Assaig i Investigaci\u00f3\u201d.<\/p>\n\n\n\n<p>Por su parte, Elvira Cambrils declaraba, \u201cme siento muy afortunada y agradecida por recibir el Carmelina S\u00e1nchez-Cutillas en el centenario del nacimiento de la \u00abEscritora de l\u2019Any\u00bb, una madre literaria que me mostr\u00f3 la belleza de nuestra lengua para recrear los paisajes que nos conforman. Este premio es un acicate para seguir avanzando en la aventura literaria\u201d.<\/p>\n\n\n\n<p>Como ganador del Premi de Literatura Infantil i Juvenil, Ignasi Garcia Barba comentaba, \u201ccreo que los premios literarios son fundamentales para potenciar y apoyar la lengua. Y los que premian obras destinadas a p\u00fablico infantil y juvenil, claramente est\u00e1n apostando por el futuro de esta lengua\u201d.<\/p>\n\n\n\n<p>Y Jordi Bosch Canalias, Premi Francesc Mart\u00ednez i Mart\u00ednez d\u2019Assaig i Investigaci\u00f3, apuntaba, \u201cme hace mucha ilusi\u00f3n recibir el premio en Altea, en el Pa\u00eds Valenciano, porque la obra es un an\u00e1lisis del poeta de Burjassot y el actor de Alcoi. De alguna forma es un retorno y un homenaje a los dos artistas en su propia casa\u201d.<\/p>\n\n\n\n<p>Era el Alcalde, Jaume Llinares, el encargado de clausurar esta gala que como el mismo indicaba \u201cser\u00e1 dif\u00edcil de olvidar\u201d. Llinares felicitaba a los ganadores, agradec\u00eda las m\u00faltiples colaboraciones con las que cuentan estos galardones, as\u00ed como daba las gracias a los m\u00e1s de 100 presentes que aguantaron las inclemencias meteorol\u00f3gicas de la tarde-noche del pasado s\u00e1bado.<\/p>\n\n\n\n<p>Font: <a href=\"http:\/\/www.alteadigital.es\" target=\"_blank\" rel=\"noreferrer noopener\">AlteaDigital.es<\/a><\/p>\n","protected":false},"excerpt":{"rendered":"<p>\u201cAire\u201d de Elvira Cambrils, \u201cEl bosc de les ombres\u201d de&nbsp;Ignasi Garcia Barba y \u201cEl poema&nbsp;Coral romput: Estell\u00e9s i Ovidi, [&hellip;]<\/p>\n","protected":false},"author":1,"featured_media":8311,"comment_status":"open","ping_status":"open","sticky":false,"template":"","format":"standard","meta":{"_expiration-date-status":"saved","_expiration-date":1625040540,"_expiration-date-type":"","_expiration-date-categories":[],"_expiration-date-options":{"expireType":"category-remove","id":8314,"category":["64"],"categoryTaxonomy":"category"},"footnotes":""},"yoast_head":"<!-- This site is optimized with the Yoast SEO plugin v22.8 - https:\/\/yoast.com\/wordpress\/plugins\/seo\/ -->\n<title>Entregados los galardones de la 5\u00aa edici\u00f3n de Premis Altea - Altea Cultural<\/title>\n<meta name=\"robots\" content=\"index, follow, max-snippet:-1, max-image-preview:large, max-video-preview:-1\" \/>\n<link rel=\"canonical\" href=\"https:\/\/www.alteacultural.com\/es\/2021\/06\/21\/lliurats-els-guardons-de-la-5a-edicio-de-premis-altea\/\" \/>\n<meta property=\"og:locale\" content=\"es_ES\" \/>\n<meta property=\"og:type\" content=\"article\" \/>\n<meta property=\"og:title\" content=\"Entregados los galardones de la 5\u00aa edici\u00f3n de Premis Altea - Altea Cultural\" \/>\n<meta property=\"og:description\" content=\"\u201cAire\u201d de Elvira Cambrils, \u201cEl bosc de les ombres\u201d de&nbsp;Ignasi Garcia Barba y \u201cEl poema&nbsp;Coral romput: Estell\u00e9s i Ovidi, [&hellip;]\" \/>\n<meta property=\"og:url\" content=\"https:\/\/www.alteacultural.com\/es\/2021\/06\/21\/lliurats-els-guardons-de-la-5a-edicio-de-premis-altea\/\" \/>\n<meta property=\"og:site_name\" content=\"Altea Cultural\" \/>\n<meta property=\"article:published_time\" content=\"2021-06-21T11:53:31+00:00\" \/>\n<meta property=\"article:modified_time\" content=\"2021-06-30T08:09:03+00:00\" \/>\n<meta property=\"og:image\" content=\"https:\/\/www.alteacultural.com\/wp-content\/uploads\/2021\/06\/noticiapremi.jpg\" \/>\n\t<meta property=\"og:image:width\" content=\"1500\" \/>\n\t<meta property=\"og:image:height\" content=\"1000\" \/>\n\t<meta property=\"og:image:type\" content=\"image\/jpeg\" \/>\n<meta name=\"author\" content=\"sfaltea.com-admin\" \/>\n<meta name=\"twitter:card\" content=\"summary_large_image\" \/>\n<meta name=\"twitter:label1\" content=\"Escrito por\" \/>\n\t<meta name=\"twitter:data1\" content=\"sfaltea.com-admin\" \/>\n\t<meta name=\"twitter:label2\" content=\"Tiempo de lectura\" \/>\n\t<meta name=\"twitter:data2\" content=\"3 minutos\" \/>\n<script type=\"application\/ld+json\" class=\"yoast-schema-graph\">{\"@context\":\"https:\/\/schema.org\",\"@graph\":[{\"@type\":\"WebPage\",\"@id\":\"https:\/\/www.alteacultural.com\/es\/2021\/06\/21\/lliurats-els-guardons-de-la-5a-edicio-de-premis-altea\/\",\"url\":\"https:\/\/www.alteacultural.com\/es\/2021\/06\/21\/lliurats-els-guardons-de-la-5a-edicio-de-premis-altea\/\",\"name\":\"Entregados los galardones de la 5\u00aa edici\u00f3n de Premis Altea - Altea Cultural\",\"isPartOf\":{\"@id\":\"https:\/\/www.alteacultural.com\/es\/#website\"},\"primaryImageOfPage\":{\"@id\":\"https:\/\/www.alteacultural.com\/es\/2021\/06\/21\/lliurats-els-guardons-de-la-5a-edicio-de-premis-altea\/#primaryimage\"},\"image\":{\"@id\":\"https:\/\/www.alteacultural.com\/es\/2021\/06\/21\/lliurats-els-guardons-de-la-5a-edicio-de-premis-altea\/#primaryimage\"},\"thumbnailUrl\":\"https:\/\/www.alteacultural.com\/wp-content\/uploads\/2021\/06\/noticiapremi.jpg\",\"datePublished\":\"2021-06-21T11:53:31+00:00\",\"dateModified\":\"2021-06-30T08:09:03+00:00\",\"author\":{\"@id\":\"https:\/\/www.alteacultural.com\/es\/#\/schema\/person\/c4e137537f1af546d214a315255e5172\"},\"breadcrumb\":{\"@id\":\"https:\/\/www.alteacultural.com\/es\/2021\/06\/21\/lliurats-els-guardons-de-la-5a-edicio-de-premis-altea\/#breadcrumb\"},\"inLanguage\":\"es\",\"potentialAction\":[{\"@type\":\"ReadAction\",\"target\":[\"https:\/\/www.alteacultural.com\/es\/2021\/06\/21\/lliurats-els-guardons-de-la-5a-edicio-de-premis-altea\/\"]}]},{\"@type\":\"ImageObject\",\"inLanguage\":\"es\",\"@id\":\"https:\/\/www.alteacultural.com\/es\/2021\/06\/21\/lliurats-els-guardons-de-la-5a-edicio-de-premis-altea\/#primaryimage\",\"url\":\"https:\/\/www.alteacultural.com\/wp-content\/uploads\/2021\/06\/noticiapremi.jpg\",\"contentUrl\":\"https:\/\/www.alteacultural.com\/wp-content\/uploads\/2021\/06\/noticiapremi.jpg\",\"width\":1500,\"height\":1000},{\"@type\":\"BreadcrumbList\",\"@id\":\"https:\/\/www.alteacultural.com\/es\/2021\/06\/21\/lliurats-els-guardons-de-la-5a-edicio-de-premis-altea\/#breadcrumb\",\"itemListElement\":[{\"@type\":\"ListItem\",\"position\":1,\"name\":\"Inici\",\"item\":\"https:\/\/www.alteacultural.com\/es\/\"},{\"@type\":\"ListItem\",\"position\":2,\"name\":\"Entregados los galardones de la 5\u00aa edici\u00f3n de Premis Altea\"}]},{\"@type\":\"WebSite\",\"@id\":\"https:\/\/www.alteacultural.com\/es\/#website\",\"url\":\"https:\/\/www.alteacultural.com\/es\/\",\"name\":\"Altea Cultural\",\"description\":\"Regidoria de Cultura de l&#039;Ajuntament d&#039;Altea\",\"potentialAction\":[{\"@type\":\"SearchAction\",\"target\":{\"@type\":\"EntryPoint\",\"urlTemplate\":\"https:\/\/www.alteacultural.com\/es\/?s={search_term_string}\"},\"query-input\":\"required name=search_term_string\"}],\"inLanguage\":\"es\"},{\"@type\":\"Person\",\"@id\":\"https:\/\/www.alteacultural.com\/es\/#\/schema\/person\/c4e137537f1af546d214a315255e5172\",\"name\":\"sfaltea.com-admin\",\"image\":{\"@type\":\"ImageObject\",\"inLanguage\":\"es\",\"@id\":\"https:\/\/www.alteacultural.com\/es\/#\/schema\/person\/image\/\",\"url\":\"https:\/\/secure.gravatar.com\/avatar\/f7473fa2fbd351270ccfd469de536202?s=96&d=mm&r=g\",\"contentUrl\":\"https:\/\/secure.gravatar.com\/avatar\/f7473fa2fbd351270ccfd469de536202?s=96&d=mm&r=g\",\"caption\":\"sfaltea.com-admin\"},\"url\":\"https:\/\/www.alteacultural.com\/es\/author\/sfaltea-com-admin\/\"}]}<\/script>\n<!-- \/ Yoast SEO plugin. -->","yoast_head_json":{"title":"Entregados los galardones de la 5\u00aa edici\u00f3n de Premis Altea - Altea Cultural","robots":{"index":"index","follow":"follow","max-snippet":"max-snippet:-1","max-image-preview":"max-image-preview:large","max-video-preview":"max-video-preview:-1"},"canonical":"https:\/\/www.alteacultural.com\/es\/2021\/06\/21\/lliurats-els-guardons-de-la-5a-edicio-de-premis-altea\/","og_locale":"es_ES","og_type":"article","og_title":"Entregados los galardones de la 5\u00aa edici\u00f3n de Premis Altea - Altea Cultural","og_description":"\u201cAire\u201d de Elvira Cambrils, \u201cEl bosc de les ombres\u201d de&nbsp;Ignasi Garcia Barba y \u201cEl poema&nbsp;Coral romput: Estell\u00e9s i Ovidi, [&hellip;]","og_url":"https:\/\/www.alteacultural.com\/es\/2021\/06\/21\/lliurats-els-guardons-de-la-5a-edicio-de-premis-altea\/","og_site_name":"Altea Cultural","article_published_time":"2021-06-21T11:53:31+00:00","article_modified_time":"2021-06-30T08:09:03+00:00","og_image":[{"width":1500,"height":1000,"url":"https:\/\/www.alteacultural.com\/wp-content\/uploads\/2021\/06\/noticiapremi.jpg","type":"image\/jpeg"}],"author":"sfaltea.com-admin","twitter_card":"summary_large_image","twitter_misc":{"Escrito por":"sfaltea.com-admin","Tiempo de lectura":"3 minutos"},"schema":{"@context":"https:\/\/schema.org","@graph":[{"@type":"WebPage","@id":"https:\/\/www.alteacultural.com\/es\/2021\/06\/21\/lliurats-els-guardons-de-la-5a-edicio-de-premis-altea\/","url":"https:\/\/www.alteacultural.com\/es\/2021\/06\/21\/lliurats-els-guardons-de-la-5a-edicio-de-premis-altea\/","name":"Entregados los galardones de la 5\u00aa edici\u00f3n de Premis Altea - Altea Cultural","isPartOf":{"@id":"https:\/\/www.alteacultural.com\/es\/#website"},"primaryImageOfPage":{"@id":"https:\/\/www.alteacultural.com\/es\/2021\/06\/21\/lliurats-els-guardons-de-la-5a-edicio-de-premis-altea\/#primaryimage"},"image":{"@id":"https:\/\/www.alteacultural.com\/es\/2021\/06\/21\/lliurats-els-guardons-de-la-5a-edicio-de-premis-altea\/#primaryimage"},"thumbnailUrl":"https:\/\/www.alteacultural.com\/wp-content\/uploads\/2021\/06\/noticiapremi.jpg","datePublished":"2021-06-21T11:53:31+00:00","dateModified":"2021-06-30T08:09:03+00:00","author":{"@id":"https:\/\/www.alteacultural.com\/es\/#\/schema\/person\/c4e137537f1af546d214a315255e5172"},"breadcrumb":{"@id":"https:\/\/www.alteacultural.com\/es\/2021\/06\/21\/lliurats-els-guardons-de-la-5a-edicio-de-premis-altea\/#breadcrumb"},"inLanguage":"es","potentialAction":[{"@type":"ReadAction","target":["https:\/\/www.alteacultural.com\/es\/2021\/06\/21\/lliurats-els-guardons-de-la-5a-edicio-de-premis-altea\/"]}]},{"@type":"ImageObject","inLanguage":"es","@id":"https:\/\/www.alteacultural.com\/es\/2021\/06\/21\/lliurats-els-guardons-de-la-5a-edicio-de-premis-altea\/#primaryimage","url":"https:\/\/www.alteacultural.com\/wp-content\/uploads\/2021\/06\/noticiapremi.jpg","contentUrl":"https:\/\/www.alteacultural.com\/wp-content\/uploads\/2021\/06\/noticiapremi.jpg","width":1500,"height":1000},{"@type":"BreadcrumbList","@id":"https:\/\/www.alteacultural.com\/es\/2021\/06\/21\/lliurats-els-guardons-de-la-5a-edicio-de-premis-altea\/#breadcrumb","itemListElement":[{"@type":"ListItem","position":1,"name":"Inici","item":"https:\/\/www.alteacultural.com\/es\/"},{"@type":"ListItem","position":2,"name":"Entregados los galardones de la 5\u00aa edici\u00f3n de Premis Altea"}]},{"@type":"WebSite","@id":"https:\/\/www.alteacultural.com\/es\/#website","url":"https:\/\/www.alteacultural.com\/es\/","name":"Altea Cultural","description":"Regidoria de Cultura de l&#039;Ajuntament d&#039;Altea","potentialAction":[{"@type":"SearchAction","target":{"@type":"EntryPoint","urlTemplate":"https:\/\/www.alteacultural.com\/es\/?s={search_term_string}"},"query-input":"required name=search_term_string"}],"inLanguage":"es"},{"@type":"Person","@id":"https:\/\/www.alteacultural.com\/es\/#\/schema\/person\/c4e137537f1af546d214a315255e5172","name":"sfaltea.com-admin","image":{"@type":"ImageObject","inLanguage":"es","@id":"https:\/\/www.alteacultural.com\/es\/#\/schema\/person\/image\/","url":"https:\/\/secure.gravatar.com\/avatar\/f7473fa2fbd351270ccfd469de536202?s=96&d=mm&r=g","contentUrl":"https:\/\/secure.gravatar.com\/avatar\/f7473fa2fbd351270ccfd469de536202?s=96&d=mm&r=g","caption":"sfaltea.com-admin"},"url":"https:\/\/www.alteacultural.com\/es\/author\/sfaltea-com-admin\/"}]}},"_links":{"self":[{"href":"https:\/\/www.alteacultural.com\/es\/wp-json\/wp\/v2\/posts\/8314"}],"collection":[{"href":"https:\/\/www.alteacultural.com\/es\/wp-json\/wp\/v2\/posts"}],"about":[{"href":"https:\/\/www.alteacultural.com\/es\/wp-json\/wp\/v2\/types\/post"}],"author":[{"embeddable":true,"href":"https:\/\/www.alteacultural.com\/es\/wp-json\/wp\/v2\/users\/1"}],"replies":[{"embeddable":true,"href":"https:\/\/www.alteacultural.com\/es\/wp-json\/wp\/v2\/comments?post=8314"}],"version-history":[{"count":2,"href":"https:\/\/www.alteacultural.com\/es\/wp-json\/wp\/v2\/posts\/8314\/revisions"}],"predecessor-version":[{"id":8317,"href":"https:\/\/www.alteacultural.com\/es\/wp-json\/wp\/v2\/posts\/8314\/revisions\/8317"}],"wp:featuredmedia":[{"embeddable":true,"href":"https:\/\/www.alteacultural.com\/es\/wp-json\/wp\/v2\/media\/8311"}],"wp:attachment":[{"href":"https:\/\/www.alteacultural.com\/es\/wp-json\/wp\/v2\/media?parent=8314"}],"curies":[{"name":"wp","href":"https:\/\/api.w.org\/{rel}","templated":true}]}}