{"id":9606,"date":"2021-07-09T18:43:09","date_gmt":"2021-07-09T16:43:09","guid":{"rendered":"https:\/\/www.alteacultural.com\/2021\/07\/09\/24-edicio-de-balconades-daltea\/"},"modified":"2021-09-08T20:20:05","modified_gmt":"2021-09-08T18:20:05","slug":"24-edicio-de-balconades-daltea","status":"publish","type":"post","link":"https:\/\/www.alteacultural.com\/es\/2021\/07\/09\/24-edicio-de-balconades-daltea\/","title":{"rendered":"\u00a124 edici\u00f3n de &#8216;Balconades d&#8217;Altea&#8217;!"},"content":{"rendered":"\n<p><a href=\"https:\/\/www.alteacultural.com\/events\/balconades-daltea-2021\/?lang=es\">Balconades d&#8217;Altea (info de la edici\u00f3n 2021)<\/a><\/p>\n\n\n\n<p><a href=\"https:\/\/www.alteacultural.com\/balconades\/?lang=es\">Balconades d&#8217;Altea (info general de participaci\u00f3n, etc.)<\/a><\/p>\n","protected":false},"excerpt":{"rendered":"<p>Balconades d&#8217;Altea (info de la edici\u00f3n 2021) Balconades d&#8217;Altea (info general de participaci\u00f3n, etc.)<\/p>\n","protected":false},"author":1,"featured_media":9597,"comment_status":"open","ping_status":"open","sticky":false,"template":"","format":"standard","meta":{"_expiration-date-status":"saved","_expiration-date":1630273080,"_expiration-date-type":"","_expiration-date-categories":[],"_expiration-date-options":{"expireType":"category-remove","id":9606,"category":["64"],"categoryTaxonomy":"category"},"footnotes":""},"yoast_head":"<!-- This site is optimized with the Yoast SEO plugin v22.8 - https:\/\/yoast.com\/wordpress\/plugins\/seo\/ -->\n<title>\u00a124 edici\u00f3n de &#039;Balconades d&#039;Altea&#039;! - Altea Cultural<\/title>\n<meta name=\"robots\" content=\"index, follow, max-snippet:-1, max-image-preview:large, max-video-preview:-1\" \/>\n<link rel=\"canonical\" href=\"https:\/\/www.alteacultural.com\/es\/2021\/07\/09\/24-edicio-de-balconades-daltea\/\" \/>\n<meta property=\"og:locale\" content=\"es_ES\" \/>\n<meta property=\"og:type\" content=\"article\" \/>\n<meta property=\"og:title\" content=\"\u00a124 edici\u00f3n de &#039;Balconades d&#039;Altea&#039;! - Altea Cultural\" \/>\n<meta property=\"og:description\" content=\"Balconades d&#8217;Altea (info de la edici\u00f3n 2021) Balconades d&#8217;Altea (info general de participaci\u00f3n, etc.)\" \/>\n<meta property=\"og:url\" content=\"https:\/\/www.alteacultural.com\/es\/2021\/07\/09\/24-edicio-de-balconades-daltea\/\" \/>\n<meta property=\"og:site_name\" content=\"Altea Cultural\" \/>\n<meta property=\"article:published_time\" content=\"2021-07-09T16:43:09+00:00\" \/>\n<meta property=\"article:modified_time\" content=\"2021-09-08T18:20:05+00:00\" \/>\n<meta property=\"og:image\" content=\"https:\/\/www.alteacultural.com\/wp-content\/uploads\/2021\/07\/BALCONADES-2021-caraA-01.jpg\" \/>\n\t<meta property=\"og:image:width\" content=\"1754\" \/>\n\t<meta property=\"og:image:height\" content=\"2480\" \/>\n\t<meta property=\"og:image:type\" content=\"image\/jpeg\" \/>\n<meta name=\"author\" content=\"sfaltea.com-admin\" \/>\n<meta name=\"twitter:card\" content=\"summary_large_image\" \/>\n<meta name=\"twitter:label1\" content=\"Escrito por\" \/>\n\t<meta name=\"twitter:data1\" content=\"sfaltea.com-admin\" \/>\n\t<meta name=\"twitter:label2\" content=\"Tiempo de lectura\" \/>\n\t<meta name=\"twitter:data2\" content=\"1 minuto\" \/>\n<script type=\"application\/ld+json\" class=\"yoast-schema-graph\">{\"@context\":\"https:\/\/schema.org\",\"@graph\":[{\"@type\":\"WebPage\",\"@id\":\"https:\/\/www.alteacultural.com\/es\/2021\/07\/09\/24-edicio-de-balconades-daltea\/\",\"url\":\"https:\/\/www.alteacultural.com\/es\/2021\/07\/09\/24-edicio-de-balconades-daltea\/\",\"name\":\"\u00a124 edici\u00f3n de 'Balconades d'Altea'! - Altea Cultural\",\"isPartOf\":{\"@id\":\"https:\/\/www.alteacultural.com\/es\/#website\"},\"primaryImageOfPage\":{\"@id\":\"https:\/\/www.alteacultural.com\/es\/2021\/07\/09\/24-edicio-de-balconades-daltea\/#primaryimage\"},\"image\":{\"@id\":\"https:\/\/www.alteacultural.com\/es\/2021\/07\/09\/24-edicio-de-balconades-daltea\/#primaryimage\"},\"thumbnailUrl\":\"https:\/\/www.alteacultural.com\/wp-content\/uploads\/2021\/07\/BALCONADES-2021-caraA-01.jpg\",\"datePublished\":\"2021-07-09T16:43:09+00:00\",\"dateModified\":\"2021-09-08T18:20:05+00:00\",\"author\":{\"@id\":\"https:\/\/www.alteacultural.com\/es\/#\/schema\/person\/c4e137537f1af546d214a315255e5172\"},\"breadcrumb\":{\"@id\":\"https:\/\/www.alteacultural.com\/es\/2021\/07\/09\/24-edicio-de-balconades-daltea\/#breadcrumb\"},\"inLanguage\":\"es\",\"potentialAction\":[{\"@type\":\"ReadAction\",\"target\":[\"https:\/\/www.alteacultural.com\/es\/2021\/07\/09\/24-edicio-de-balconades-daltea\/\"]}]},{\"@type\":\"ImageObject\",\"inLanguage\":\"es\",\"@id\":\"https:\/\/www.alteacultural.com\/es\/2021\/07\/09\/24-edicio-de-balconades-daltea\/#primaryimage\",\"url\":\"https:\/\/www.alteacultural.com\/wp-content\/uploads\/2021\/07\/BALCONADES-2021-caraA-01.jpg\",\"contentUrl\":\"https:\/\/www.alteacultural.com\/wp-content\/uploads\/2021\/07\/BALCONADES-2021-caraA-01.jpg\",\"width\":1754,\"height\":2480},{\"@type\":\"BreadcrumbList\",\"@id\":\"https:\/\/www.alteacultural.com\/es\/2021\/07\/09\/24-edicio-de-balconades-daltea\/#breadcrumb\",\"itemListElement\":[{\"@type\":\"ListItem\",\"position\":1,\"name\":\"Inici\",\"item\":\"https:\/\/www.alteacultural.com\/es\/\"},{\"@type\":\"ListItem\",\"position\":2,\"name\":\"\u00a124 edici\u00f3n de &#8216;Balconades d&#8217;Altea&#8217;!\"}]},{\"@type\":\"WebSite\",\"@id\":\"https:\/\/www.alteacultural.com\/es\/#website\",\"url\":\"https:\/\/www.alteacultural.com\/es\/\",\"name\":\"Altea Cultural\",\"description\":\"Regidoria de Cultura de l&#039;Ajuntament d&#039;Altea\",\"potentialAction\":[{\"@type\":\"SearchAction\",\"target\":{\"@type\":\"EntryPoint\",\"urlTemplate\":\"https:\/\/www.alteacultural.com\/es\/?s={search_term_string}\"},\"query-input\":\"required name=search_term_string\"}],\"inLanguage\":\"es\"},{\"@type\":\"Person\",\"@id\":\"https:\/\/www.alteacultural.com\/es\/#\/schema\/person\/c4e137537f1af546d214a315255e5172\",\"name\":\"sfaltea.com-admin\",\"image\":{\"@type\":\"ImageObject\",\"inLanguage\":\"es\",\"@id\":\"https:\/\/www.alteacultural.com\/es\/#\/schema\/person\/image\/\",\"url\":\"https:\/\/secure.gravatar.com\/avatar\/f7473fa2fbd351270ccfd469de536202?s=96&d=mm&r=g\",\"contentUrl\":\"https:\/\/secure.gravatar.com\/avatar\/f7473fa2fbd351270ccfd469de536202?s=96&d=mm&r=g\",\"caption\":\"sfaltea.com-admin\"},\"url\":\"https:\/\/www.alteacultural.com\/es\/author\/sfaltea-com-admin\/\"}]}<\/script>\n<!-- \/ Yoast SEO plugin. -->","yoast_head_json":{"title":"\u00a124 edici\u00f3n de 'Balconades d'Altea'! - Altea Cultural","robots":{"index":"index","follow":"follow","max-snippet":"max-snippet:-1","max-image-preview":"max-image-preview:large","max-video-preview":"max-video-preview:-1"},"canonical":"https:\/\/www.alteacultural.com\/es\/2021\/07\/09\/24-edicio-de-balconades-daltea\/","og_locale":"es_ES","og_type":"article","og_title":"\u00a124 edici\u00f3n de 'Balconades d'Altea'! - Altea Cultural","og_description":"Balconades d&#8217;Altea (info de la edici\u00f3n 2021) Balconades d&#8217;Altea (info general de participaci\u00f3n, etc.)","og_url":"https:\/\/www.alteacultural.com\/es\/2021\/07\/09\/24-edicio-de-balconades-daltea\/","og_site_name":"Altea Cultural","article_published_time":"2021-07-09T16:43:09+00:00","article_modified_time":"2021-09-08T18:20:05+00:00","og_image":[{"width":1754,"height":2480,"url":"https:\/\/www.alteacultural.com\/wp-content\/uploads\/2021\/07\/BALCONADES-2021-caraA-01.jpg","type":"image\/jpeg"}],"author":"sfaltea.com-admin","twitter_card":"summary_large_image","twitter_misc":{"Escrito por":"sfaltea.com-admin","Tiempo de lectura":"1 minuto"},"schema":{"@context":"https:\/\/schema.org","@graph":[{"@type":"WebPage","@id":"https:\/\/www.alteacultural.com\/es\/2021\/07\/09\/24-edicio-de-balconades-daltea\/","url":"https:\/\/www.alteacultural.com\/es\/2021\/07\/09\/24-edicio-de-balconades-daltea\/","name":"\u00a124 edici\u00f3n de 'Balconades d'Altea'! - Altea Cultural","isPartOf":{"@id":"https:\/\/www.alteacultural.com\/es\/#website"},"primaryImageOfPage":{"@id":"https:\/\/www.alteacultural.com\/es\/2021\/07\/09\/24-edicio-de-balconades-daltea\/#primaryimage"},"image":{"@id":"https:\/\/www.alteacultural.com\/es\/2021\/07\/09\/24-edicio-de-balconades-daltea\/#primaryimage"},"thumbnailUrl":"https:\/\/www.alteacultural.com\/wp-content\/uploads\/2021\/07\/BALCONADES-2021-caraA-01.jpg","datePublished":"2021-07-09T16:43:09+00:00","dateModified":"2021-09-08T18:20:05+00:00","author":{"@id":"https:\/\/www.alteacultural.com\/es\/#\/schema\/person\/c4e137537f1af546d214a315255e5172"},"breadcrumb":{"@id":"https:\/\/www.alteacultural.com\/es\/2021\/07\/09\/24-edicio-de-balconades-daltea\/#breadcrumb"},"inLanguage":"es","potentialAction":[{"@type":"ReadAction","target":["https:\/\/www.alteacultural.com\/es\/2021\/07\/09\/24-edicio-de-balconades-daltea\/"]}]},{"@type":"ImageObject","inLanguage":"es","@id":"https:\/\/www.alteacultural.com\/es\/2021\/07\/09\/24-edicio-de-balconades-daltea\/#primaryimage","url":"https:\/\/www.alteacultural.com\/wp-content\/uploads\/2021\/07\/BALCONADES-2021-caraA-01.jpg","contentUrl":"https:\/\/www.alteacultural.com\/wp-content\/uploads\/2021\/07\/BALCONADES-2021-caraA-01.jpg","width":1754,"height":2480},{"@type":"BreadcrumbList","@id":"https:\/\/www.alteacultural.com\/es\/2021\/07\/09\/24-edicio-de-balconades-daltea\/#breadcrumb","itemListElement":[{"@type":"ListItem","position":1,"name":"Inici","item":"https:\/\/www.alteacultural.com\/es\/"},{"@type":"ListItem","position":2,"name":"\u00a124 edici\u00f3n de &#8216;Balconades d&#8217;Altea&#8217;!"}]},{"@type":"WebSite","@id":"https:\/\/www.alteacultural.com\/es\/#website","url":"https:\/\/www.alteacultural.com\/es\/","name":"Altea Cultural","description":"Regidoria de Cultura de l&#039;Ajuntament d&#039;Altea","potentialAction":[{"@type":"SearchAction","target":{"@type":"EntryPoint","urlTemplate":"https:\/\/www.alteacultural.com\/es\/?s={search_term_string}"},"query-input":"required name=search_term_string"}],"inLanguage":"es"},{"@type":"Person","@id":"https:\/\/www.alteacultural.com\/es\/#\/schema\/person\/c4e137537f1af546d214a315255e5172","name":"sfaltea.com-admin","image":{"@type":"ImageObject","inLanguage":"es","@id":"https:\/\/www.alteacultural.com\/es\/#\/schema\/person\/image\/","url":"https:\/\/secure.gravatar.com\/avatar\/f7473fa2fbd351270ccfd469de536202?s=96&d=mm&r=g","contentUrl":"https:\/\/secure.gravatar.com\/avatar\/f7473fa2fbd351270ccfd469de536202?s=96&d=mm&r=g","caption":"sfaltea.com-admin"},"url":"https:\/\/www.alteacultural.com\/es\/author\/sfaltea-com-admin\/"}]}},"_links":{"self":[{"href":"https:\/\/www.alteacultural.com\/es\/wp-json\/wp\/v2\/posts\/9606"}],"collection":[{"href":"https:\/\/www.alteacultural.com\/es\/wp-json\/wp\/v2\/posts"}],"about":[{"href":"https:\/\/www.alteacultural.com\/es\/wp-json\/wp\/v2\/types\/post"}],"author":[{"embeddable":true,"href":"https:\/\/www.alteacultural.com\/es\/wp-json\/wp\/v2\/users\/1"}],"replies":[{"embeddable":true,"href":"https:\/\/www.alteacultural.com\/es\/wp-json\/wp\/v2\/comments?post=9606"}],"version-history":[{"count":1,"href":"https:\/\/www.alteacultural.com\/es\/wp-json\/wp\/v2\/posts\/9606\/revisions"}],"predecessor-version":[{"id":9607,"href":"https:\/\/www.alteacultural.com\/es\/wp-json\/wp\/v2\/posts\/9606\/revisions\/9607"}],"wp:featuredmedia":[{"embeddable":true,"href":"https:\/\/www.alteacultural.com\/es\/wp-json\/wp\/v2\/media\/9597"}],"wp:attachment":[{"href":"https:\/\/www.alteacultural.com\/es\/wp-json\/wp\/v2\/media?parent=9606"}],"curies":[{"name":"wp","href":"https:\/\/api.w.org\/{rel}","templated":true}]}}